{"id":15322,"date":"2025-08-06T13:29:49","date_gmt":"2025-08-06T12:29:49","guid":{"rendered":"https:\/\/berloni.com\/?p=15322"},"modified":"2025-09-30T15:01:47","modified_gmt":"2025-09-30T14:01:47","slug":"kitchen-accessories-and-furniture-to-complete-your-space","status":"publish","type":"post","link":"https:\/\/berloni.com\/en\/rivista\/mobili-e-accessori-per-completare-cucina\/","title":{"rendered":"Kitchen accessories and furniture: how to complete your space"},"content":{"rendered":"\t\t<div data-elementor-type=\"wp-post\" data-elementor-id=\"15322\" class=\"elementor elementor-15322\" data-elementor-post-type=\"post\">\n\t\t\t\t\t\t<section class=\"elementor-section elementor-top-section elementor-element elementor-element-10e0bbd elementor-section-full_width elementor-section-height-default elementor-section-height-default\" data-id=\"10e0bbd\" data-element_type=\"section\" data-e-type=\"section\">\n\t\t\t\t\t\t<div class=\"elementor-container elementor-column-gap-default\">\n\t\t\t\t\t<div class=\"elementor-column elementor-col-100 elementor-top-column elementor-element elementor-element-e34b795\" data-id=\"e34b795\" data-element_type=\"column\" data-e-type=\"column\">\n\t\t\t<div class=\"elementor-widget-wrap elementor-element-populated\">\n\t\t\t\t\t\t<div class=\"elementor-element elementor-element-666f689 elementor-widget elementor-widget-text-editor\" data-id=\"666f689\" data-element_type=\"widget\" data-e-type=\"widget\" data-widget_type=\"text-editor.default\">\n\t\t\t\t<div class=\"elementor-widget-container\">\n\t\t\t\t\t\t\t\t\t<p>L\u2018identit\u00e0 di una cucina moderna non si esprime solamente con la sua configurazione, ma si completa con quei dettagli che uniscono tecnologia, design e gesti quotidiani. Gli accessori e i complementi d\u2018arredo sono gli elementi che riescono a trasformare una stanza funzionale in un ambiente personale e autentico.<\/p><p>\u00c8 un percorso progettuale che mira ad ottenere soluzioni su misura, capaci di rispondere a esigenze e aspirazioni individuali. In questa visione, ogni scelta contribuisce a riflettere la personalit\u00e0 di chi la compie, rendendo persino i particolari pi\u00f9 piccoli parte del modo unico di vivere lo spazio.<\/p><p>Nel seguente articolo esploreremo come mobili, complementi e accessori contribuiscono a <span class=\"sottolineato\" style=\"text-decoration: underline;\"><a href=\"https:\/\/berloni.com\/rivista\/la-cucina-moderna-tutto-quello-che-devi-sapere-per-il-tuo-progetto\/\">definire il carattere della cucina<\/a><\/span>.<\/p>\t\t\t\t\t\t\t\t<\/div>\n\t\t\t\t<\/div>\n\t\t\t\t\t<\/div>\n\t\t<\/div>\n\t\t\t\t\t<\/div>\n\t\t<\/section>\n\t\t\t\t<section class=\"elementor-section elementor-top-section elementor-element elementor-element-87a9308 elementor-section-full_width elementor-section-height-default elementor-section-height-default\" data-id=\"87a9308\" data-element_type=\"section\" data-e-type=\"section\">\n\t\t\t\t\t\t<div class=\"elementor-container elementor-column-gap-default\">\n\t\t\t\t\t<div class=\"elementor-column elementor-col-100 elementor-top-column elementor-element elementor-element-5e99bcb\" data-id=\"5e99bcb\" data-element_type=\"column\" data-e-type=\"column\">\n\t\t\t<div class=\"elementor-widget-wrap elementor-element-populated\">\n\t\t\t\t\t\t<div class=\"elementor-element elementor-element-64aee60 elementor-widget elementor-widget-table-of-contents\" data-id=\"64aee60\" data-element_type=\"widget\" data-e-type=\"widget\" data-settings=\"{&quot;exclude_headings_by_selector&quot;:[],&quot;headings_by_tags&quot;:[&quot;h2&quot;,&quot;h3&quot;,&quot;h4&quot;,&quot;h5&quot;,&quot;h6&quot;],&quot;marker_view&quot;:&quot;numbers&quot;,&quot;hierarchical_view&quot;:&quot;yes&quot;,&quot;min_height&quot;:{&quot;unit&quot;:&quot;px&quot;,&quot;size&quot;:&quot;&quot;,&quot;sizes&quot;:[]},&quot;min_height_laptop&quot;:{&quot;unit&quot;:&quot;px&quot;,&quot;size&quot;:&quot;&quot;,&quot;sizes&quot;:[]},&quot;min_height_tablet_extra&quot;:{&quot;unit&quot;:&quot;px&quot;,&quot;size&quot;:&quot;&quot;,&quot;sizes&quot;:[]},&quot;min_height_tablet&quot;:{&quot;unit&quot;:&quot;px&quot;,&quot;size&quot;:&quot;&quot;,&quot;sizes&quot;:[]},&quot;min_height_mobile_extra&quot;:{&quot;unit&quot;:&quot;px&quot;,&quot;size&quot;:&quot;&quot;,&quot;sizes&quot;:[]},&quot;min_height_mobile&quot;:{&quot;unit&quot;:&quot;px&quot;,&quot;size&quot;:&quot;&quot;,&quot;sizes&quot;:[]}}\" data-widget_type=\"table-of-contents.default\">\n\t\t\t\t<div class=\"elementor-widget-container\">\n\t\t\t\t\t\t\t\t\t<div class=\"elementor-toc__header\">\n\t\t\t\t\t\t<h4 class=\"elementor-toc__header-title\">\n\t\t\t\tIndice\t\t\t<\/h4>\n\t\t\t\t\t\t\t\t<\/div>\n\t\t\t\t<div id=\"elementor-toc__64aee60\" class=\"elementor-toc__body\">\n\t\t\t<div class=\"elementor-toc__spinner-container\">\n\t\t\t\t<svg class=\"elementor-toc__spinner eicon-animation-spin e-font-icon-svg e-eicon-loading\" aria-hidden=\"true\" viewBox=\"0 0 1000 1000\" xmlns=\"http:\/\/www.w3.org\/2000\/svg\"><path d=\"M500 975V858C696 858 858 696 858 500S696 142 500 142 142 304 142 500H25C25 237 238 25 500 25S975 237 975 500 763 975 500 975Z\"><\/path><\/svg>\t\t\t<\/div>\n\t\t<\/div>\n\t\t\t\t\t\t<\/div>\n\t\t\t\t<\/div>\n\t\t\t\t\t<\/div>\n\t\t<\/div>\n\t\t\t\t\t<\/div>\n\t\t<\/section>\n\t\t\t\t<section class=\"elementor-section elementor-top-section elementor-element elementor-element-4e88d91 elementor-section-full_width elementor-section-height-default elementor-section-height-default\" data-id=\"4e88d91\" data-element_type=\"section\" data-e-type=\"section\">\n\t\t\t\t\t\t<div class=\"elementor-container elementor-column-gap-default\">\n\t\t\t\t\t<div class=\"elementor-column elementor-col-100 elementor-top-column elementor-element elementor-element-43fd7ea\" data-id=\"43fd7ea\" data-element_type=\"column\" data-e-type=\"column\">\n\t\t\t<div class=\"elementor-widget-wrap elementor-element-populated\">\n\t\t\t\t\t\t<div class=\"elementor-element elementor-element-28f8e3a elementor-widget elementor-widget-spacer\" data-id=\"28f8e3a\" data-element_type=\"widget\" data-e-type=\"widget\" data-widget_type=\"spacer.default\">\n\t\t\t\t<div class=\"elementor-widget-container\">\n\t\t\t\t\t\t\t<div class=\"elementor-spacer\">\n\t\t\t<div class=\"elementor-spacer-inner\"><\/div>\n\t\t<\/div>\n\t\t\t\t\t\t<\/div>\n\t\t\t\t<\/div>\n\t\t\t\t<div class=\"elementor-element elementor-element-9e68767 elementor-widget elementor-widget-heading\" data-id=\"9e68767\" data-element_type=\"widget\" data-e-type=\"widget\" data-widget_type=\"heading.default\">\n\t\t\t\t<div class=\"elementor-widget-container\">\n\t\t\t\t\t<h2 class=\"elementor-heading-title elementor-size-default\">Il tavolo<\/h2>\t\t\t\t<\/div>\n\t\t\t\t<\/div>\n\t\t\t\t\t<\/div>\n\t\t<\/div>\n\t\t\t\t\t<\/div>\n\t\t<\/section>\n\t\t\t\t<section class=\"elementor-section elementor-top-section elementor-element elementor-element-3e16e0d elementor-section-full_width elementor-section-height-default elementor-section-height-default\" data-id=\"3e16e0d\" data-element_type=\"section\" data-e-type=\"section\">\n\t\t\t\t\t\t<div class=\"elementor-container elementor-column-gap-default\">\n\t\t\t\t\t<div class=\"elementor-column elementor-col-100 elementor-top-column elementor-element elementor-element-1bd451f\" data-id=\"1bd451f\" data-element_type=\"column\" data-e-type=\"column\">\n\t\t\t<div class=\"elementor-widget-wrap elementor-element-populated\">\n\t\t\t\t\t\t<div class=\"elementor-element elementor-element-ce4ea15 elementor-widget elementor-widget-text-editor\" data-id=\"ce4ea15\" data-element_type=\"widget\" data-e-type=\"widget\" data-widget_type=\"text-editor.default\">\n\t\t\t\t<div class=\"elementor-widget-container\">\n\t\t\t\t\t\t\t\t\t<p>Il tavolo \u00e8 molto pi\u00f9 di un semplice piano d\u2018appoggio: \u00e8 il fulcro della convivialit\u00e0 e il centro simbolico della vita domestica. Attorno a esso si intrecciano momenti quotidiani e occasioni speciali, facendolo diventare un luogo di dialogo e di condivisione.<\/p><p>Tuttavia, per <a href=\"https:\/\/berloni.com\/rivista\/come-scegliere-il-tavolo-giusto-per-la-tua-cucina\/\"><span class=\"sottolineato\" style=\"text-decoration: underline;\">trovare il tavolo ideale<\/span><\/a>, \u00e8 fondamentale riflettere con attenzione sulle esigenze personali, le quali vengono soddisfatte bilanciando le scelte di design con un uso mirato degli spazi.<\/p><p>Che sia rotondo per favorire la conversazione, rettangolare per accogliere pi\u00f9 invitati o a penisola per integrarsi in un living open space, il tavolo deve rispondere direttamente alle proprie necessit\u00e0. Allo stesso modo, i materiali, le finiture e le dimensioni devono essere in armonia con il resto dell\u2018arredamento, cos\u00ec da raggiungere un equilibrio visivo e funzionale. Di conseguenza, un tavolo ben progettato si inserisce con naturalezza nell\u2018architettura domestica, sostenendo le abitudini di chi lo utilizza.<\/p>\t\t\t\t\t\t\t\t<\/div>\n\t\t\t\t<\/div>\n\t\t\t\t\t<\/div>\n\t\t<\/div>\n\t\t\t\t\t<\/div>\n\t\t<\/section>\n\t\t\t\t<section class=\"elementor-section elementor-top-section elementor-element elementor-element-6e30dad elementor-section-full_width elementor-section-height-default elementor-section-height-default\" data-id=\"6e30dad\" data-element_type=\"section\" data-e-type=\"section\">\n\t\t\t\t\t\t<div class=\"elementor-container elementor-column-gap-default\">\n\t\t\t\t\t<div class=\"elementor-column elementor-col-100 elementor-top-column elementor-element elementor-element-20b549b\" data-id=\"20b549b\" data-element_type=\"column\" data-e-type=\"column\">\n\t\t\t<div class=\"elementor-widget-wrap elementor-element-populated\">\n\t\t\t\t\t\t<div class=\"elementor-element elementor-element-16abcab elementor-widget elementor-widget-spacer\" data-id=\"16abcab\" data-element_type=\"widget\" data-e-type=\"widget\" data-widget_type=\"spacer.default\">\n\t\t\t\t<div class=\"elementor-widget-container\">\n\t\t\t\t\t\t\t<div class=\"elementor-spacer\">\n\t\t\t<div class=\"elementor-spacer-inner\"><\/div>\n\t\t<\/div>\n\t\t\t\t\t\t<\/div>\n\t\t\t\t<\/div>\n\t\t\t\t<div class=\"elementor-element elementor-element-43ff7ce elementor-widget elementor-widget-heading\" data-id=\"43ff7ce\" data-element_type=\"widget\" data-e-type=\"widget\" data-widget_type=\"heading.default\">\n\t\t\t\t<div class=\"elementor-widget-container\">\n\t\t\t\t\t<h2 class=\"elementor-heading-title elementor-size-default\">Le sedute<\/h2>\t\t\t\t<\/div>\n\t\t\t\t<\/div>\n\t\t\t\t<div class=\"elementor-element elementor-element-f69fd14 elementor-widget elementor-widget-text-editor\" data-id=\"f69fd14\" data-element_type=\"widget\" data-e-type=\"widget\" data-widget_type=\"text-editor.default\">\n\t\t\t\t<div class=\"elementor-widget-container\">\n\t\t\t\t\t\t\t\t\t<p>Le sedute sono una componente essenziale per completare l\u2018area da pranzo, unendo ergonomia, comfort e coerenza estetica. Come per il tavolo, il loro ruolo non \u00e8 solo pratico, ma contribuisce a definire lo stile e la vivibilit\u00e0 della cucina.<\/p><p>Pertanto, bisogna considerare attentamente anche il benessere della persona. Una seduta ben selezionata \u00e8 un pezzo di design che invita al relax e alla conversazione, completando l\u2018esperienza abitativa.<\/p><p>Inoltre, la coerenza tra tavolo e sedute \u00e8 fondamentale per creare un insieme armonioso e proporzionato. Questa coerenza si manifesta nella scelta dei materiali, delle forme e dei colori, che devono essere in sintonia con l\u2018intero progetto della cucina e del living.<\/p>\t\t\t\t\t\t\t\t<\/div>\n\t\t\t\t<\/div>\n\t\t\t\t\t<\/div>\n\t\t<\/div>\n\t\t\t\t\t<\/div>\n\t\t<\/section>\n\t\t<div class=\"elementor-element elementor-element-e3b0b96 e-con-full e-flex e-con e-parent\" data-id=\"e3b0b96\" data-element_type=\"container\" data-e-type=\"container\">\n\t\t\t\t<div class=\"elementor-element elementor-element-b6b537b elementor-widget elementor-widget-spacer\" data-id=\"b6b537b\" data-element_type=\"widget\" data-e-type=\"widget\" data-widget_type=\"spacer.default\">\n\t\t\t\t<div class=\"elementor-widget-container\">\n\t\t\t\t\t\t\t<div class=\"elementor-spacer\">\n\t\t\t<div class=\"elementor-spacer-inner\"><\/div>\n\t\t<\/div>\n\t\t\t\t\t\t<\/div>\n\t\t\t\t<\/div>\n\t\t\t\t<div class=\"elementor-element elementor-element-73b66f5 elementor-widget elementor-widget-heading\" data-id=\"73b66f5\" data-element_type=\"widget\" data-e-type=\"widget\" data-widget_type=\"heading.default\">\n\t\t\t\t<div class=\"elementor-widget-container\">\n\t\t\t\t\t<h3 class=\"elementor-heading-title elementor-size-default\">Le sedie<\/h3>\t\t\t\t<\/div>\n\t\t\t\t<\/div>\n\t\t\t\t<div class=\"elementor-element elementor-element-14b1f10 elementor-widget elementor-widget-text-editor\" data-id=\"14b1f10\" data-element_type=\"widget\" data-e-type=\"widget\" data-widget_type=\"text-editor.default\">\n\t\t\t\t<div class=\"elementor-widget-container\">\n\t\t\t\t\t\t\t\t\t<p>La sedia \u00e8 l\u2018archetipo della seduta e il suo aspetto influenza notevolmente il tono dell\u2018ambiente. Si pu\u00f2 presentare in infinite declinazioni, che permettono di interpretare lo spazio secondo la propria personalit\u00e0, dal minimalismo geometrico al calore della tradizione. Una sedia non \u00e8 mai un elemento neutro, ma rappresenta una parte importante dell\u2018architettura circostante.<\/p><p><a href=\"https:\/\/berloni.com\/rivista\/come-scegliere-le-sedie-giuste-per-la-tua-cucina\/\"><span class=\"sottolineato\" style=\"text-decoration: underline;\">Scegliere una sedia<\/span><\/a> significa soprattutto bilanciare estetica e comfort. Il design deve supportare una postura corretta e garantire una piacevole esperienza d\u2018uso, sia per una cena formale che per l\u2018uso quotidiano. \u00c8 qui che risiede la capacit\u00e0 dell\u2018oggetto di migliorare la qualit\u00e0 della vita, unendo la bellezza della forma alla concretezza della funzione.<\/p>\t\t\t\t\t\t\t\t<\/div>\n\t\t\t\t<\/div>\n\t\t\t\t<div class=\"elementor-element elementor-element-05dee8a elementor-widget elementor-widget-spacer\" data-id=\"05dee8a\" data-element_type=\"widget\" data-e-type=\"widget\" data-widget_type=\"spacer.default\">\n\t\t\t\t<div class=\"elementor-widget-container\">\n\t\t\t\t\t\t\t<div class=\"elementor-spacer\">\n\t\t\t<div class=\"elementor-spacer-inner\"><\/div>\n\t\t<\/div>\n\t\t\t\t\t\t<\/div>\n\t\t\t\t<\/div>\n\t\t\t\t<\/div>\n\t\t<div class=\"elementor-element elementor-element-49f4b01 e-con-full e-flex e-con e-parent\" data-id=\"49f4b01\" data-element_type=\"container\" data-e-type=\"container\">\n\t\t\t\t<div class=\"elementor-element elementor-element-a535c9b elementor-widget elementor-widget-heading\" data-id=\"a535c9b\" data-element_type=\"widget\" data-e-type=\"widget\" data-widget_type=\"heading.default\">\n\t\t\t\t<div class=\"elementor-widget-container\">\n\t\t\t\t\t<h3 class=\"elementor-heading-title elementor-size-default\">Sgabelli<\/h3>\t\t\t\t<\/div>\n\t\t\t\t<\/div>\n\t\t\t\t<div class=\"elementor-element elementor-element-c49ef6a elementor-widget elementor-widget-text-editor\" data-id=\"c49ef6a\" data-element_type=\"widget\" data-e-type=\"widget\" data-widget_type=\"text-editor.default\">\n\t\t\t\t<div class=\"elementor-widget-container\">\n\t\t\t\t\t\t\t\t\t<p><a href=\"https:\/\/berloni.com\/rivista\/guida-completa-agli-sgabelli-da-cucina-trova-il-modello-giusto-per-te\/\"><span class=\"sottolineato\" style=\"text-decoration: underline;\">Gli sgabelli sono una soluzione di seduta moderna e dinamica<\/span><\/a>, ideale per cucine con isola o piani snack. La loro presenza trasmette un\u2019atmosfera di informalit\u00e0 e favorisce una convivialit\u00e0 pi\u00f9 spontanea e fluida. Sono perfetti per ottimizzare gli spazi e definire diverse aree operative all\u2018interno di un unico ambiente, come un living open space.<\/p><p>Sono anche delle sedute particolarmente versatili. Gli sgabelli possono essere configurati con altezza regolabile, con o senza schienale, con seduta girevole, rispondendo a diverse esigenze di ergonomia e comodit\u00e0.<\/p>\t\t\t\t\t\t\t\t<\/div>\n\t\t\t\t<\/div>\n\t\t\t\t<div class=\"elementor-element elementor-element-45019e4 elementor-widget elementor-widget-spacer\" data-id=\"45019e4\" data-element_type=\"widget\" data-e-type=\"widget\" data-widget_type=\"spacer.default\">\n\t\t\t\t<div class=\"elementor-widget-container\">\n\t\t\t\t\t\t\t<div class=\"elementor-spacer\">\n\t\t\t<div class=\"elementor-spacer-inner\"><\/div>\n\t\t<\/div>\n\t\t\t\t\t\t<\/div>\n\t\t\t\t<\/div>\n\t\t\t\t<\/div>\n\t\t<div class=\"elementor-element elementor-element-5f85023 e-con-full e-flex e-con e-parent\" data-id=\"5f85023\" data-element_type=\"container\" data-e-type=\"container\">\n\t\t\t\t<div class=\"elementor-element elementor-element-bc11dea elementor-widget elementor-widget-heading\" data-id=\"bc11dea\" data-element_type=\"widget\" data-e-type=\"widget\" data-widget_type=\"heading.default\">\n\t\t\t\t<div class=\"elementor-widget-container\">\n\t\t\t\t\t<h3 class=\"elementor-heading-title elementor-size-default\">Panche e soluzioni di seduta alternativa<\/h3>\t\t\t\t<\/div>\n\t\t\t\t<\/div>\n\t\t\t\t<div class=\"elementor-element elementor-element-b42878a elementor-widget elementor-widget-text-editor\" data-id=\"b42878a\" data-element_type=\"widget\" data-e-type=\"widget\" data-widget_type=\"text-editor.default\">\n\t\t\t\t<div class=\"elementor-widget-container\">\n\t\t\t\t\t\t\t\t\t<p><a href=\"https:\/\/berloni.com\/rivista\/come-completare-larea-da-pranzo-con-sedute-alternative\/\"><span class=\"sottolineato\" style=\"text-decoration: underline;\">Le panche e le altre soluzioni di seduta non convenzionali<\/span><\/a> offrono un\u2018alternativa calda e accogliente alle sedie tradizionali. La panca, nello specifico, evoca un senso di comunit\u00e0 e condivisione, richiamando la tradizione del convivio in chiave contemporanea. \u00c8 una decisione che favorisce la vicinanza e trasmette un\u2018atmosfera intima e partecipativa.<\/p><p>Dal punto di vista della progettazione, la panca \u00e8 una soluzione intelligente per l\u2018ottimizzazione degli spazi. Accostata a una parete, consente di recuperare centimetri preziosi e di predisporre pi\u00f9 posti a sedere rispetto alle sedie singole. Pu\u00f2 inoltre fungere da vano contenitivo, contribuendo all\u2018ordine domestico generale. Per di pi\u00f9, L\u2018aggiunta di cuscini, la scelta di tessuti e di finiture specifiche permette di collegare la panca allo stile dell\u2018ambiente, arricchendola con texture e colori.<\/p>\t\t\t\t\t\t\t\t<\/div>\n\t\t\t\t<\/div>\n\t\t\t\t<\/div>\n\t\t\t\t<section class=\"elementor-section elementor-top-section elementor-element elementor-element-5fdb7d3 elementor-section-full_width elementor-section-height-default elementor-section-height-default\" data-id=\"5fdb7d3\" data-element_type=\"section\" data-e-type=\"section\">\n\t\t\t\t\t\t<div class=\"elementor-container elementor-column-gap-default\">\n\t\t\t\t\t<div class=\"elementor-column elementor-col-100 elementor-top-column elementor-element elementor-element-574f8b0\" data-id=\"574f8b0\" data-element_type=\"column\" data-e-type=\"column\">\n\t\t\t<div class=\"elementor-widget-wrap elementor-element-populated\">\n\t\t\t\t\t\t<div class=\"elementor-element elementor-element-6c7d41d elementor-widget elementor-widget-image\" data-id=\"6c7d41d\" data-element_type=\"widget\" data-e-type=\"widget\" data-widget_type=\"image.default\">\n\t\t\t\t<div class=\"elementor-widget-container\">\n\t\t\t\t\t\t\t\t\t\t\t\t\t\t\t<img fetchpriority=\"high\" decoding=\"async\" width=\"1500\" height=\"1061\" src=\"https:\/\/berloni.com\/wp-content\/uploads\/2025\/05\/Zona_cottura_cucina.jpg\" class=\"attachment-full size-full wp-image-14336\" alt=\"\" srcset=\"https:\/\/berloni.com\/wp-content\/uploads\/2025\/05\/Zona_cottura_cucina.jpg 1500w, https:\/\/berloni.com\/wp-content\/uploads\/2025\/05\/Zona_cottura_cucina-300x212.jpg 300w, https:\/\/berloni.com\/wp-content\/uploads\/2025\/05\/Zona_cottura_cucina-1024x724.jpg 1024w, https:\/\/berloni.com\/wp-content\/uploads\/2025\/05\/Zona_cottura_cucina-768x543.jpg 768w, https:\/\/berloni.com\/wp-content\/uploads\/2025\/05\/Zona_cottura_cucina-18x12.jpg 18w, https:\/\/berloni.com\/wp-content\/uploads\/2025\/05\/Zona_cottura_cucina-600x424.jpg 600w\" sizes=\"(max-width: 1500px) 100vw, 1500px\" \/>\t\t\t\t\t\t\t\t\t\t\t\t\t\t\t<\/div>\n\t\t\t\t<\/div>\n\t\t\t\t\t<\/div>\n\t\t<\/div>\n\t\t\t\t\t<\/div>\n\t\t<\/section>\n\t\t\t\t<section class=\"elementor-section elementor-top-section elementor-element elementor-element-4577894 elementor-section-full_width elementor-section-height-default elementor-section-height-default\" data-id=\"4577894\" data-element_type=\"section\" data-e-type=\"section\">\n\t\t\t\t\t\t<div class=\"elementor-container elementor-column-gap-default\">\n\t\t\t\t\t<div class=\"elementor-column elementor-col-100 elementor-top-column elementor-element elementor-element-c8c1074\" data-id=\"c8c1074\" data-element_type=\"column\" data-e-type=\"column\">\n\t\t\t<div class=\"elementor-widget-wrap elementor-element-populated\">\n\t\t\t\t\t\t<div class=\"elementor-element elementor-element-6520dd4 elementor-widget elementor-widget-spacer\" data-id=\"6520dd4\" data-element_type=\"widget\" data-e-type=\"widget\" data-widget_type=\"spacer.default\">\n\t\t\t\t<div class=\"elementor-widget-container\">\n\t\t\t\t\t\t\t<div class=\"elementor-spacer\">\n\t\t\t<div class=\"elementor-spacer-inner\"><\/div>\n\t\t<\/div>\n\t\t\t\t\t\t<\/div>\n\t\t\t\t<\/div>\n\t\t\t\t<div class=\"elementor-element elementor-element-c548aa6 elementor-widget elementor-widget-heading\" data-id=\"c548aa6\" data-element_type=\"widget\" data-e-type=\"widget\" data-widget_type=\"heading.default\">\n\t\t\t\t<div class=\"elementor-widget-container\">\n\t\t\t\t\t<h2 class=\"elementor-heading-title elementor-size-default\">Accessori e utensili<\/h2>\t\t\t\t<\/div>\n\t\t\t\t<\/div>\n\t\t\t\t\t<\/div>\n\t\t<\/div>\n\t\t\t\t\t<\/div>\n\t\t<\/section>\n\t\t\t\t<section class=\"elementor-section elementor-top-section elementor-element elementor-element-78711ac elementor-section-full_width elementor-section-height-default elementor-section-height-default\" data-id=\"78711ac\" data-element_type=\"section\" data-e-type=\"section\">\n\t\t\t\t\t\t<div class=\"elementor-container elementor-column-gap-default\">\n\t\t\t\t\t<div class=\"elementor-column elementor-col-100 elementor-top-column elementor-element elementor-element-028bab1\" data-id=\"028bab1\" data-element_type=\"column\" data-e-type=\"column\">\n\t\t\t<div class=\"elementor-widget-wrap elementor-element-populated\">\n\t\t\t\t\t\t<div class=\"elementor-element elementor-element-34e6b71 elementor-widget elementor-widget-text-editor\" data-id=\"34e6b71\" data-element_type=\"widget\" data-e-type=\"widget\" data-widget_type=\"text-editor.default\">\n\t\t\t\t<div class=\"elementor-widget-container\">\n\t\t\t\t\t\t\t\t\t<p>Sono i dettagli a rendere una cucina ben progettata un luogo vissuto e personale. Per tale motivo, <a href=\"https:\/\/berloni.com\/rivista\/accessori-e-utensili-di-design-come-arredare-la-tua-cucina\/\"><span class=\"sottolineato\" style=\"text-decoration: underline;\">gli accessori e gli utensili<\/span><\/a> non solo fungono da strumenti per svolgere le varie attivit\u00e0 culinarie, ma contribuiscono attivamente all\u2018estetica e al piacere di vivere la cucina ogni giorno.<\/p><p>Gli accessori sono anche un\u2018opportunit\u00e0 per introdurre un elemento di creativit\u00e0 alla cucina. Dalle pentole pi\u00f9 utilizzate ai quadri appesi ai muri, passando per le soluzioni integrate di organizzazione interna e i piccoli elettrodomestici di design, sono esempi di come si possa accessoriare una stanza ed esprimere l\u2019identit\u00e0 di chi la vive.<\/p><p>Si tratta di una filosofia dell\u2019arredo e un modo di intendere lo spazio, in cui le azioni ripetute quotidianamente alimentano le decisioni stilistiche che caratterizzano l\u2019ambiente. In questo modo si bilanciano immagine e funzionalit\u00e0, dove la concretezza delle soluzioni \u00e8 un&#8217;opportunit\u00e0 per esprimere la propria personalit\u00e0.<\/p>\t\t\t\t\t\t\t\t<\/div>\n\t\t\t\t<\/div>\n\t\t\t\t\t<\/div>\n\t\t<\/div>\n\t\t\t\t\t<\/div>\n\t\t<\/section>\n\t\t<div class=\"elementor-element elementor-element-5d3a8af e-con-full e-flex e-con e-parent\" data-id=\"5d3a8af\" data-element_type=\"container\" data-e-type=\"container\">\n\t\t\t\t<div class=\"elementor-element elementor-element-25d0432 elementor-widget elementor-widget-spacer\" data-id=\"25d0432\" data-element_type=\"widget\" data-e-type=\"widget\" data-widget_type=\"spacer.default\">\n\t\t\t\t<div class=\"elementor-widget-container\">\n\t\t\t\t\t\t\t<div class=\"elementor-spacer\">\n\t\t\t<div class=\"elementor-spacer-inner\"><\/div>\n\t\t<\/div>\n\t\t\t\t\t\t<\/div>\n\t\t\t\t<\/div>\n\t\t\t\t<div class=\"elementor-element elementor-element-1974e96 elementor-widget elementor-widget-heading\" data-id=\"1974e96\" data-element_type=\"widget\" data-e-type=\"widget\" data-widget_type=\"heading.default\">\n\t\t\t\t<div class=\"elementor-widget-container\">\n\t\t\t\t\t<h3 class=\"elementor-heading-title elementor-size-default\">Maniglie delle ante<\/h3>\t\t\t\t<\/div>\n\t\t\t\t<\/div>\n\t\t\t\t<div class=\"elementor-element elementor-element-94c6b54 elementor-widget elementor-widget-text-editor\" data-id=\"94c6b54\" data-element_type=\"widget\" data-e-type=\"widget\" data-widget_type=\"text-editor.default\">\n\t\t\t\t<div class=\"elementor-widget-container\">\n\t\t\t\t\t\t\t\t\t<p><a href=\"https:\/\/berloni.com\/rivista\/maniglia-e-gola-cosa-sono-e-come-scegliere-per-la-cucina\/\"><span class=\"sottolineato\" style=\"text-decoration: underline;\">La maniglia \u00e8 uno degli accessori che richiede maggiore attenzione<\/span><\/a>, poich\u00e9 rappresenta il principale punto di contatto fisico con il mobile. \u00c8 un particolare che, pur essendo piccolo, ha un forte impatto sul disegno complessivo della cucina. La sua scelta non \u00e8 mai casuale, ma \u00e8 il risultato di una precisa riflessione progettuale.<\/p><p>Le opzioni sono molteplici e definiscono il carattere della cucina in maniera unica. Una maniglia a gola, integrata nell\u2018anta, conferisce un aspetto minimalista e valorizza la continuit\u00e0 delle superfici. Al contrario, una maniglia a ponte \u00e8 in grado di aggiungere un tocco classico, moderno o industriale a seconda della sua forma e finitura.<\/p>\t\t\t\t\t\t\t\t<\/div>\n\t\t\t\t<\/div>\n\t\t\t\t<\/div>\n\t\t<div class=\"elementor-element elementor-element-65c3d08 e-con-full e-flex e-con e-parent\" data-id=\"65c3d08\" data-element_type=\"container\" data-e-type=\"container\">\n\t\t\t\t<div class=\"elementor-element elementor-element-fecb919 elementor-widget elementor-widget-spacer\" data-id=\"fecb919\" data-element_type=\"widget\" data-e-type=\"widget\" data-widget_type=\"spacer.default\">\n\t\t\t\t<div class=\"elementor-widget-container\">\n\t\t\t\t\t\t\t<div class=\"elementor-spacer\">\n\t\t\t<div class=\"elementor-spacer-inner\"><\/div>\n\t\t<\/div>\n\t\t\t\t\t\t<\/div>\n\t\t\t\t<\/div>\n\t\t\t\t<div class=\"elementor-element elementor-element-053a0a5 elementor-widget elementor-widget-heading\" data-id=\"053a0a5\" data-element_type=\"widget\" data-e-type=\"widget\" data-widget_type=\"heading.default\">\n\t\t\t\t<div class=\"elementor-widget-container\">\n\t\t\t\t\t<h2 class=\"elementor-heading-title elementor-size-default\">Conclusione: creare il proprio spazio<\/h2>\t\t\t\t<\/div>\n\t\t\t\t<\/div>\n\t\t\t\t<div class=\"elementor-element elementor-element-aaf84fc elementor-widget elementor-widget-text-editor\" data-id=\"aaf84fc\" data-element_type=\"widget\" data-e-type=\"widget\" data-widget_type=\"text-editor.default\">\n\t\t\t\t<div class=\"elementor-widget-container\">\n\t\t\t\t\t\t\t\t\t<p>Completare una cucina con mobili e accessori \u00e8 un lavoro di fino che va oltre il semplice arredo. Significa estendere la propria identit\u00e0 in un luogo dove ciascun elemento \u00e8 stato selezionato per raccontare una storia coerente e personale.<\/p><p>Il risultato finale \u00e8 un ambiente in perfetto equilibrio tra suggestione e praticit\u00e0: dal tavolo alle sedute, fino al pi\u00f9 piccolo dettaglio, tutto contribuisce a definire uno spazio pensato per migliorare la vita di ogni giorno.<\/p><p>La nostra filosofia si basa sul medesimo principio: l\u2019esperienza in Atelier Berloni \u00e8 un dialogo autentico per comprendere le tue aspirazioni e tradurle in soluzioni di design finalizzate a portare il vero benessere quotidiano nell\u2019architettura degli interni. Prenota un appuntamento per realizzare un progetto che sposi realmente la tua personalit\u00e0, senza alcun compromesso.<\/p>\t\t\t\t\t\t\t\t<\/div>\n\t\t\t\t<\/div>\n\t\t\t\t<div class=\"elementor-element elementor-element-53c861f elementor-widget elementor-widget-text-editor\" data-id=\"53c861f\" data-element_type=\"widget\" data-e-type=\"widget\" data-widget_type=\"text-editor.default\">\n\t\t\t\t<div class=\"elementor-widget-container\">\n\t\t\t\t\t\t\t\t\t<p><span class=\"sottolineato\"><a href=\"https:\/\/berloni.com\/cataloghi-arredamento\/\">Esplora il Catalogo Berloni<\/a><\/span> e scopri come realizzare la tua cucina.<\/p>\t\t\t\t\t\t\t\t<\/div>\n\t\t\t\t<\/div>\n\t\t\t\t<\/div>\n\t\t\t\t<\/div>\n\t\t","protected":false},"excerpt":{"rendered":"<p>Accessories and complementary furnishings are the elements that transform a functional room into a personal and authentic space.<\/p>","protected":false},"author":1,"featured_media":15323,"comment_status":"closed","ping_status":"closed","sticky":false,"template":"","format":"standard","meta":{"footnotes":""},"categories":[22,20,24,25],"tags":[111,113,130,115,112],"class_list":["post-15322","post","type-post","status-publish","format-standard","has-post-thumbnail","hentry","category-arredamento-casa","category-design","category-ispirazioni","category-moderno","tag-architettura","tag-arredi-di-lusso","tag-cucina-moderna","tag-made-in-italy","tag-progettazione"],"yoast_head":"<!-- This site is optimized with the Yoast SEO plugin v27.3 - https:\/\/yoast.com\/product\/yoast-seo-wordpress\/ -->\n<title>I mobili e gli accessori per completare la cucina - Berloni<\/title>\n<meta name=\"description\" content=\"Accessori e mobili cucina Berloni: dettagli che uniscono design e funzionalit\u00e0. Prenota la tua consulenza personalizzata nei nostri Atelier.\" \/>\n<meta name=\"robots\" content=\"index, follow, max-snippet:-1, max-image-preview:large, max-video-preview:-1\" \/>\n<link rel=\"canonical\" href=\"https:\/\/berloni.com\/en\/magazine\/kitchen-accessories-and-furniture-to-complete-your-space\/\" \/>\n<meta property=\"og:locale\" content=\"en_GB\" \/>\n<meta property=\"og:type\" content=\"article\" \/>\n<meta property=\"og:title\" content=\"I mobili e gli accessori per completare la cucina - Berloni\" \/>\n<meta property=\"og:description\" content=\"Accessori e mobili cucina Berloni: dettagli che uniscono design e funzionalit\u00e0. Prenota la tua consulenza personalizzata nei nostri Atelier.\" \/>\n<meta property=\"og:url\" content=\"https:\/\/berloni.com\/en\/magazine\/kitchen-accessories-and-furniture-to-complete-your-space\/\" \/>\n<meta property=\"og:site_name\" content=\"Berloni\" \/>\n<meta property=\"article:publisher\" content=\"https:\/\/www.facebook.com\/CucineBerloni\/\" \/>\n<meta property=\"article:published_time\" content=\"2025-08-06T12:29:49+00:00\" \/>\n<meta property=\"article:modified_time\" content=\"2025-09-30T14:01:47+00:00\" \/>\n<meta property=\"og:image\" content=\"https:\/\/berloni.com\/wp-content\/uploads\/2025\/08\/Accessori_cucina.jpg\" \/>\n\t<meta property=\"og:image:width\" content=\"1500\" \/>\n\t<meta property=\"og:image:height\" content=\"1060\" \/>\n\t<meta property=\"og:image:type\" content=\"image\/jpeg\" \/>\n<meta name=\"author\" content=\"admin\" \/>\n<meta name=\"twitter:card\" content=\"summary_large_image\" \/>\n<meta name=\"twitter:label1\" content=\"Written by\" \/>\n\t<meta name=\"twitter:data1\" content=\"admin\" \/>\n\t<meta name=\"twitter:label2\" content=\"Estimated reading time\" \/>\n\t<meta name=\"twitter:data2\" content=\"7 minutes\" \/>\n<script type=\"application\/ld+json\" class=\"yoast-schema-graph\">{\"@context\":\"https:\\\/\\\/schema.org\",\"@graph\":[{\"@type\":\"Article\",\"@id\":\"https:\\\/\\\/berloni.com\\\/rivista\\\/mobili-e-accessori-per-completare-cucina\\\/#article\",\"isPartOf\":{\"@id\":\"https:\\\/\\\/berloni.com\\\/rivista\\\/mobili-e-accessori-per-completare-cucina\\\/\"},\"author\":{\"name\":\"admin\",\"@id\":\"https:\\\/\\\/berloni.com\\\/#\\\/schema\\\/person\\\/234573bc1ba34f8efdae0d8637c6ca57\"},\"headline\":\"I mobili e gli accessori per completare la cucina\",\"datePublished\":\"2025-08-06T12:29:49+00:00\",\"dateModified\":\"2025-09-30T14:01:47+00:00\",\"mainEntityOfPage\":{\"@id\":\"https:\\\/\\\/berloni.com\\\/rivista\\\/mobili-e-accessori-per-completare-cucina\\\/\"},\"wordCount\":1109,\"publisher\":{\"@id\":\"https:\\\/\\\/berloni.com\\\/#organization\"},\"image\":{\"@id\":\"https:\\\/\\\/berloni.com\\\/rivista\\\/mobili-e-accessori-per-completare-cucina\\\/#primaryimage\"},\"thumbnailUrl\":\"https:\\\/\\\/berloni.com\\\/wp-content\\\/uploads\\\/2025\\\/08\\\/Accessori_cucina.jpg\",\"keywords\":[\"Architettura\",\"Arredi di Lusso\",\"Cucina Moderna\",\"Made in Italy\",\"Progettazione\"],\"articleSection\":[\"Arredamento casa\",\"Design\",\"Ispirazioni\",\"Moderno\"],\"inLanguage\":\"en-GB\"},{\"@type\":\"WebPage\",\"@id\":\"https:\\\/\\\/berloni.com\\\/rivista\\\/mobili-e-accessori-per-completare-cucina\\\/\",\"url\":\"https:\\\/\\\/berloni.com\\\/rivista\\\/mobili-e-accessori-per-completare-cucina\\\/\",\"name\":\"I mobili e gli accessori per completare la cucina - Berloni\",\"isPartOf\":{\"@id\":\"https:\\\/\\\/berloni.com\\\/#website\"},\"primaryImageOfPage\":{\"@id\":\"https:\\\/\\\/berloni.com\\\/rivista\\\/mobili-e-accessori-per-completare-cucina\\\/#primaryimage\"},\"image\":{\"@id\":\"https:\\\/\\\/berloni.com\\\/rivista\\\/mobili-e-accessori-per-completare-cucina\\\/#primaryimage\"},\"thumbnailUrl\":\"https:\\\/\\\/berloni.com\\\/wp-content\\\/uploads\\\/2025\\\/08\\\/Accessori_cucina.jpg\",\"datePublished\":\"2025-08-06T12:29:49+00:00\",\"dateModified\":\"2025-09-30T14:01:47+00:00\",\"description\":\"Accessori e mobili cucina Berloni: dettagli che uniscono design e funzionalit\u00e0. Prenota la tua consulenza personalizzata nei nostri Atelier.\",\"breadcrumb\":{\"@id\":\"https:\\\/\\\/berloni.com\\\/rivista\\\/mobili-e-accessori-per-completare-cucina\\\/#breadcrumb\"},\"inLanguage\":\"en-GB\",\"potentialAction\":[{\"@type\":\"ReadAction\",\"target\":[\"https:\\\/\\\/berloni.com\\\/rivista\\\/mobili-e-accessori-per-completare-cucina\\\/\"]}]},{\"@type\":\"ImageObject\",\"inLanguage\":\"en-GB\",\"@id\":\"https:\\\/\\\/berloni.com\\\/rivista\\\/mobili-e-accessori-per-completare-cucina\\\/#primaryimage\",\"url\":\"https:\\\/\\\/berloni.com\\\/wp-content\\\/uploads\\\/2025\\\/08\\\/Accessori_cucina.jpg\",\"contentUrl\":\"https:\\\/\\\/berloni.com\\\/wp-content\\\/uploads\\\/2025\\\/08\\\/Accessori_cucina.jpg\",\"width\":1500,\"height\":1060},{\"@type\":\"BreadcrumbList\",\"@id\":\"https:\\\/\\\/berloni.com\\\/rivista\\\/mobili-e-accessori-per-completare-cucina\\\/#breadcrumb\",\"itemListElement\":[{\"@type\":\"ListItem\",\"position\":1,\"name\":\"Home\",\"item\":\"https:\\\/\\\/berloni.com\\\/\"},{\"@type\":\"ListItem\",\"position\":2,\"name\":\"I mobili e gli accessori per completare la cucina\"}]},{\"@type\":\"WebSite\",\"@id\":\"https:\\\/\\\/berloni.com\\\/#website\",\"url\":\"https:\\\/\\\/berloni.com\\\/\",\"name\":\"Berloni\",\"description\":\"\",\"publisher\":{\"@id\":\"https:\\\/\\\/berloni.com\\\/#organization\"},\"potentialAction\":[{\"@type\":\"SearchAction\",\"target\":{\"@type\":\"EntryPoint\",\"urlTemplate\":\"https:\\\/\\\/berloni.com\\\/?s={search_term_string}\"},\"query-input\":{\"@type\":\"PropertyValueSpecification\",\"valueRequired\":true,\"valueName\":\"search_term_string\"}}],\"inLanguage\":\"en-GB\"},{\"@type\":\"Organization\",\"@id\":\"https:\\\/\\\/berloni.com\\\/#organization\",\"name\":\"Berloni\",\"url\":\"https:\\\/\\\/berloni.com\\\/\",\"logo\":{\"@type\":\"ImageObject\",\"inLanguage\":\"en-GB\",\"@id\":\"https:\\\/\\\/berloni.com\\\/#\\\/schema\\\/logo\\\/image\\\/\",\"url\":\"https:\\\/\\\/berloni.com\\\/wp-content\\\/uploads\\\/2025\\\/01\\\/Favicon_Berloni.png\",\"contentUrl\":\"https:\\\/\\\/berloni.com\\\/wp-content\\\/uploads\\\/2025\\\/01\\\/Favicon_Berloni.png\",\"width\":513,\"height\":513,\"caption\":\"Berloni\"},\"image\":{\"@id\":\"https:\\\/\\\/berloni.com\\\/#\\\/schema\\\/logo\\\/image\\\/\"},\"sameAs\":[\"https:\\\/\\\/www.facebook.com\\\/CucineBerloni\\\/\",\"https:\\\/\\\/www.instagram.com\\\/cucineberloni\\\/\",\"https:\\\/\\\/it.pinterest.com\\\/berloni\\\/\",\"https:\\\/\\\/www.linkedin.com\\\/company\\\/berloni\\\/\"]},{\"@type\":\"Person\",\"@id\":\"https:\\\/\\\/berloni.com\\\/#\\\/schema\\\/person\\\/234573bc1ba34f8efdae0d8637c6ca57\",\"name\":\"admin\",\"image\":{\"@type\":\"ImageObject\",\"inLanguage\":\"en-GB\",\"@id\":\"https:\\\/\\\/secure.gravatar.com\\\/avatar\\\/3ae2cbd0daf127e36f2bcf8f07112ff400cef749a9d8e7b9c577c4a387336874?s=96&d=mm&r=g\",\"url\":\"https:\\\/\\\/secure.gravatar.com\\\/avatar\\\/3ae2cbd0daf127e36f2bcf8f07112ff400cef749a9d8e7b9c577c4a387336874?s=96&d=mm&r=g\",\"contentUrl\":\"https:\\\/\\\/secure.gravatar.com\\\/avatar\\\/3ae2cbd0daf127e36f2bcf8f07112ff400cef749a9d8e7b9c577c4a387336874?s=96&d=mm&r=g\",\"caption\":\"admin\"},\"sameAs\":[\"https:\\\/\\\/berloni.com\"],\"url\":\"https:\\\/\\\/berloni.com\\\/en\\\/rivista\\\/author\\\/admin\\\/\"}]}<\/script>\n<!-- \/ Yoast SEO plugin. -->","yoast_head_json":{"title":"Kitchen accessories and furniture: how to complete your space - Berloni","description":"Berloni kitchen accessories and furniture: where design meets functionality. Book your personalized consultation at our Atelier.","robots":{"index":"index","follow":"follow","max-snippet":"max-snippet:-1","max-image-preview":"max-image-preview:large","max-video-preview":"max-video-preview:-1"},"canonical":"https:\/\/berloni.com\/en\/magazine\/kitchen-accessories-and-furniture-to-complete-your-space\/","og_locale":"en_GB","og_type":"article","og_title":"I mobili e gli accessori per completare la cucina - Berloni","og_description":"Accessori e mobili cucina Berloni: dettagli che uniscono design e funzionalit\u00e0. Prenota la tua consulenza personalizzata nei nostri Atelier.","og_url":"https:\/\/berloni.com\/en\/magazine\/kitchen-accessories-and-furniture-to-complete-your-space\/","og_site_name":"Berloni","article_publisher":"https:\/\/www.facebook.com\/CucineBerloni\/","article_published_time":"2025-08-06T12:29:49+00:00","article_modified_time":"2025-09-30T14:01:47+00:00","og_image":[{"width":1500,"height":1060,"url":"https:\/\/berloni.com\/wp-content\/uploads\/2025\/08\/Accessori_cucina.jpg","type":"image\/jpeg"}],"author":"admin","twitter_card":"summary_large_image","twitter_misc":{"Written by":"admin","Estimated reading time":"7 minutes"},"schema":{"@context":"https:\/\/schema.org","@graph":[{"@type":"Article","@id":"https:\/\/berloni.com\/rivista\/mobili-e-accessori-per-completare-cucina\/#article","isPartOf":{"@id":"https:\/\/berloni.com\/rivista\/mobili-e-accessori-per-completare-cucina\/"},"author":{"name":"admin","@id":"https:\/\/berloni.com\/#\/schema\/person\/234573bc1ba34f8efdae0d8637c6ca57"},"headline":"I mobili e gli accessori per completare la cucina","datePublished":"2025-08-06T12:29:49+00:00","dateModified":"2025-09-30T14:01:47+00:00","mainEntityOfPage":{"@id":"https:\/\/berloni.com\/rivista\/mobili-e-accessori-per-completare-cucina\/"},"wordCount":1109,"publisher":{"@id":"https:\/\/berloni.com\/#organization"},"image":{"@id":"https:\/\/berloni.com\/rivista\/mobili-e-accessori-per-completare-cucina\/#primaryimage"},"thumbnailUrl":"https:\/\/berloni.com\/wp-content\/uploads\/2025\/08\/Accessori_cucina.jpg","keywords":["Architettura","Arredi di Lusso","Cucina Moderna","Made in Italy","Progettazione"],"articleSection":["Arredamento casa","Design","Ispirazioni","Moderno"],"inLanguage":"en-GB"},{"@type":"WebPage","@id":"https:\/\/berloni.com\/rivista\/mobili-e-accessori-per-completare-cucina\/","url":"https:\/\/berloni.com\/rivista\/mobili-e-accessori-per-completare-cucina\/","name":"Kitchen accessories and furniture: how to complete your space - Berloni","isPartOf":{"@id":"https:\/\/berloni.com\/#website"},"primaryImageOfPage":{"@id":"https:\/\/berloni.com\/rivista\/mobili-e-accessori-per-completare-cucina\/#primaryimage"},"image":{"@id":"https:\/\/berloni.com\/rivista\/mobili-e-accessori-per-completare-cucina\/#primaryimage"},"thumbnailUrl":"https:\/\/berloni.com\/wp-content\/uploads\/2025\/08\/Accessori_cucina.jpg","datePublished":"2025-08-06T12:29:49+00:00","dateModified":"2025-09-30T14:01:47+00:00","description":"Berloni kitchen accessories and furniture: where design meets functionality. Book your personalized consultation at our Atelier.","breadcrumb":{"@id":"https:\/\/berloni.com\/rivista\/mobili-e-accessori-per-completare-cucina\/#breadcrumb"},"inLanguage":"en-GB","potentialAction":[{"@type":"ReadAction","target":["https:\/\/berloni.com\/rivista\/mobili-e-accessori-per-completare-cucina\/"]}]},{"@type":"ImageObject","inLanguage":"en-GB","@id":"https:\/\/berloni.com\/rivista\/mobili-e-accessori-per-completare-cucina\/#primaryimage","url":"https:\/\/berloni.com\/wp-content\/uploads\/2025\/08\/Accessori_cucina.jpg","contentUrl":"https:\/\/berloni.com\/wp-content\/uploads\/2025\/08\/Accessori_cucina.jpg","width":1500,"height":1060},{"@type":"BreadcrumbList","@id":"https:\/\/berloni.com\/rivista\/mobili-e-accessori-per-completare-cucina\/#breadcrumb","itemListElement":[{"@type":"ListItem","position":1,"name":"Home","item":"https:\/\/berloni.com\/"},{"@type":"ListItem","position":2,"name":"I mobili e gli accessori per completare la cucina"}]},{"@type":"WebSite","@id":"https:\/\/berloni.com\/#website","url":"https:\/\/berloni.com\/","name":"Berloni","description":"","publisher":{"@id":"https:\/\/berloni.com\/#organization"},"potentialAction":[{"@type":"SearchAction","target":{"@type":"EntryPoint","urlTemplate":"https:\/\/berloni.com\/?s={search_term_string}"},"query-input":{"@type":"PropertyValueSpecification","valueRequired":true,"valueName":"search_term_string"}}],"inLanguage":"en-GB"},{"@type":"Organization","@id":"https:\/\/berloni.com\/#organization","name":"Berloni","url":"https:\/\/berloni.com\/","logo":{"@type":"ImageObject","inLanguage":"en-GB","@id":"https:\/\/berloni.com\/#\/schema\/logo\/image\/","url":"https:\/\/berloni.com\/wp-content\/uploads\/2025\/01\/Favicon_Berloni.png","contentUrl":"https:\/\/berloni.com\/wp-content\/uploads\/2025\/01\/Favicon_Berloni.png","width":513,"height":513,"caption":"Berloni"},"image":{"@id":"https:\/\/berloni.com\/#\/schema\/logo\/image\/"},"sameAs":["https:\/\/www.facebook.com\/CucineBerloni\/","https:\/\/www.instagram.com\/cucineberloni\/","https:\/\/it.pinterest.com\/berloni\/","https:\/\/www.linkedin.com\/company\/berloni\/"]},{"@type":"Person","@id":"https:\/\/berloni.com\/#\/schema\/person\/234573bc1ba34f8efdae0d8637c6ca57","name":"admin","image":{"@type":"ImageObject","inLanguage":"en-GB","@id":"https:\/\/secure.gravatar.com\/avatar\/3ae2cbd0daf127e36f2bcf8f07112ff400cef749a9d8e7b9c577c4a387336874?s=96&d=mm&r=g","url":"https:\/\/secure.gravatar.com\/avatar\/3ae2cbd0daf127e36f2bcf8f07112ff400cef749a9d8e7b9c577c4a387336874?s=96&d=mm&r=g","contentUrl":"https:\/\/secure.gravatar.com\/avatar\/3ae2cbd0daf127e36f2bcf8f07112ff400cef749a9d8e7b9c577c4a387336874?s=96&d=mm&r=g","caption":"admin"},"sameAs":["https:\/\/berloni.com"],"url":"https:\/\/berloni.com\/en\/rivista\/author\/admin\/"}]}},"_links":{"self":[{"href":"https:\/\/berloni.com\/en\/wp-json\/wp\/v2\/posts\/15322","targetHints":{"allow":["GET"]}}],"collection":[{"href":"https:\/\/berloni.com\/en\/wp-json\/wp\/v2\/posts"}],"about":[{"href":"https:\/\/berloni.com\/en\/wp-json\/wp\/v2\/types\/post"}],"author":[{"embeddable":true,"href":"https:\/\/berloni.com\/en\/wp-json\/wp\/v2\/users\/1"}],"replies":[{"embeddable":true,"href":"https:\/\/berloni.com\/en\/wp-json\/wp\/v2\/comments?post=15322"}],"version-history":[{"count":7,"href":"https:\/\/berloni.com\/en\/wp-json\/wp\/v2\/posts\/15322\/revisions"}],"predecessor-version":[{"id":15441,"href":"https:\/\/berloni.com\/en\/wp-json\/wp\/v2\/posts\/15322\/revisions\/15441"}],"wp:featuredmedia":[{"embeddable":true,"href":"https:\/\/berloni.com\/en\/wp-json\/wp\/v2\/media\/15323"}],"wp:attachment":[{"href":"https:\/\/berloni.com\/en\/wp-json\/wp\/v2\/media?parent=15322"}],"wp:term":[{"taxonomy":"category","embeddable":true,"href":"https:\/\/berloni.com\/en\/wp-json\/wp\/v2\/categories?post=15322"},{"taxonomy":"post_tag","embeddable":true,"href":"https:\/\/berloni.com\/en\/wp-json\/wp\/v2\/tags?post=15322"}],"curies":[{"name":"wp","href":"https:\/\/api.w.org\/{rel}","templated":true}]}}