{"id":15213,"date":"2025-07-16T15:15:07","date_gmt":"2025-07-16T14:15:07","guid":{"rendered":"https:\/\/berloni.com\/?p=15213"},"modified":"2025-07-16T16:40:20","modified_gmt":"2025-07-16T15:40:20","slug":"how-to-furnish-a-kitchen-island-with-an-integrated-table","status":"publish","type":"post","link":"https:\/\/berloni.com\/en\/rivista\/come-arredare-isola-con-tavolo-integrato\/","title":{"rendered":"How to furnish a kitchen island with an integrated table"},"content":{"rendered":"\t\t<div data-elementor-type=\"wp-post\" data-elementor-id=\"15213\" class=\"elementor elementor-15213\" data-elementor-post-type=\"post\">\n\t\t\t\t\t\t<section class=\"elementor-section elementor-top-section elementor-element elementor-element-10e0bbd elementor-section-full_width elementor-section-height-default elementor-section-height-default\" data-id=\"10e0bbd\" data-element_type=\"section\" data-e-type=\"section\">\n\t\t\t\t\t\t<div class=\"elementor-container elementor-column-gap-default\">\n\t\t\t\t\t<div class=\"elementor-column elementor-col-100 elementor-top-column elementor-element elementor-element-e34b795\" data-id=\"e34b795\" data-element_type=\"column\" data-e-type=\"column\">\n\t\t\t<div class=\"elementor-widget-wrap elementor-element-populated\">\n\t\t\t\t\t\t<div class=\"elementor-element elementor-element-666f689 elementor-widget elementor-widget-text-editor\" data-id=\"666f689\" data-element_type=\"widget\" data-e-type=\"widget\" data-widget_type=\"text-editor.default\">\n\t\t\t\t<div class=\"elementor-widget-container\">\n\t\t\t\t\t\t\t\t\t<p>Nel cuore delle abitazioni moderne, l\u2019isola con il tavolo integrato \u00e8 il punto di incontro naturale che unisce la convivialit\u00e0 e l&#8217;uso quotidiano. Questa soluzione nasce per racchiudere in un unico elemento due attivit\u00e0 essenziali: preparare i cibi e consumarli. La cucina diventa cos\u00ec uno spazio ancora pi\u00f9 aperto e versatile, capace di adattarsi perfettamente al living circostante.<\/p><p>L&#8217;arredamento moderno pone sempre pi\u00f9 attenzione a soddisfare il bisogno di spazi che siano sia raffinati esteticamente che funzionali. L\u2019isola con il tavolo integrato diventa cos\u00ec una scelta ideale per soddisfare questa esigenza di oggetti dal design polivalente, offrendo una soluzione che rispetta sia la necessit\u00e0 di stile che di praticit\u00e0.<\/p>\t\t\t\t\t\t\t\t<\/div>\n\t\t\t\t<\/div>\n\t\t\t\t\t<\/div>\n\t\t<\/div>\n\t\t\t\t\t<\/div>\n\t\t<\/section>\n\t\t\t\t<section class=\"elementor-section elementor-top-section elementor-element elementor-element-87a9308 elementor-section-full_width elementor-section-height-default elementor-section-height-default\" data-id=\"87a9308\" data-element_type=\"section\" data-e-type=\"section\">\n\t\t\t\t\t\t<div class=\"elementor-container elementor-column-gap-default\">\n\t\t\t\t\t<div class=\"elementor-column elementor-col-100 elementor-top-column elementor-element elementor-element-5e99bcb\" data-id=\"5e99bcb\" data-element_type=\"column\" data-e-type=\"column\">\n\t\t\t<div class=\"elementor-widget-wrap elementor-element-populated\">\n\t\t\t\t\t\t<div class=\"elementor-element elementor-element-64aee60 elementor-widget elementor-widget-table-of-contents\" data-id=\"64aee60\" data-element_type=\"widget\" data-e-type=\"widget\" data-settings=\"{&quot;exclude_headings_by_selector&quot;:[],&quot;headings_by_tags&quot;:[&quot;h2&quot;,&quot;h3&quot;,&quot;h4&quot;,&quot;h5&quot;,&quot;h6&quot;],&quot;marker_view&quot;:&quot;numbers&quot;,&quot;hierarchical_view&quot;:&quot;yes&quot;,&quot;min_height&quot;:{&quot;unit&quot;:&quot;px&quot;,&quot;size&quot;:&quot;&quot;,&quot;sizes&quot;:[]},&quot;min_height_laptop&quot;:{&quot;unit&quot;:&quot;px&quot;,&quot;size&quot;:&quot;&quot;,&quot;sizes&quot;:[]},&quot;min_height_tablet_extra&quot;:{&quot;unit&quot;:&quot;px&quot;,&quot;size&quot;:&quot;&quot;,&quot;sizes&quot;:[]},&quot;min_height_tablet&quot;:{&quot;unit&quot;:&quot;px&quot;,&quot;size&quot;:&quot;&quot;,&quot;sizes&quot;:[]},&quot;min_height_mobile_extra&quot;:{&quot;unit&quot;:&quot;px&quot;,&quot;size&quot;:&quot;&quot;,&quot;sizes&quot;:[]},&quot;min_height_mobile&quot;:{&quot;unit&quot;:&quot;px&quot;,&quot;size&quot;:&quot;&quot;,&quot;sizes&quot;:[]}}\" data-widget_type=\"table-of-contents.default\">\n\t\t\t\t<div class=\"elementor-widget-container\">\n\t\t\t\t\t\t\t\t\t<div class=\"elementor-toc__header\">\n\t\t\t\t\t\t<h4 class=\"elementor-toc__header-title\">\n\t\t\t\tIndice\t\t\t<\/h4>\n\t\t\t\t\t\t\t\t<\/div>\n\t\t\t\t<div id=\"elementor-toc__64aee60\" class=\"elementor-toc__body\">\n\t\t\t<div class=\"elementor-toc__spinner-container\">\n\t\t\t\t<svg class=\"elementor-toc__spinner eicon-animation-spin e-font-icon-svg e-eicon-loading\" aria-hidden=\"true\" viewBox=\"0 0 1000 1000\" xmlns=\"http:\/\/www.w3.org\/2000\/svg\"><path d=\"M500 975V858C696 858 858 696 858 500S696 142 500 142 142 304 142 500H25C25 237 238 25 500 25S975 237 975 500 763 975 500 975Z\"><\/path><\/svg>\t\t\t<\/div>\n\t\t<\/div>\n\t\t\t\t\t\t<\/div>\n\t\t\t\t<\/div>\n\t\t\t\t\t<\/div>\n\t\t<\/div>\n\t\t\t\t\t<\/div>\n\t\t<\/section>\n\t\t\t\t<section class=\"elementor-section elementor-top-section elementor-element elementor-element-4e88d91 elementor-section-full_width elementor-section-height-default elementor-section-height-default\" data-id=\"4e88d91\" data-element_type=\"section\" data-e-type=\"section\">\n\t\t\t\t\t\t<div class=\"elementor-container elementor-column-gap-default\">\n\t\t\t\t\t<div class=\"elementor-column elementor-col-100 elementor-top-column elementor-element elementor-element-43fd7ea\" data-id=\"43fd7ea\" data-element_type=\"column\" data-e-type=\"column\">\n\t\t\t<div class=\"elementor-widget-wrap elementor-element-populated\">\n\t\t\t\t\t\t<div class=\"elementor-element elementor-element-28f8e3a elementor-widget elementor-widget-spacer\" data-id=\"28f8e3a\" data-element_type=\"widget\" data-e-type=\"widget\" data-widget_type=\"spacer.default\">\n\t\t\t\t<div class=\"elementor-widget-container\">\n\t\t\t\t\t\t\t<div class=\"elementor-spacer\">\n\t\t\t<div class=\"elementor-spacer-inner\"><\/div>\n\t\t<\/div>\n\t\t\t\t\t\t<\/div>\n\t\t\t\t<\/div>\n\t\t\t\t<div class=\"elementor-element elementor-element-9e68767 elementor-widget elementor-widget-heading\" data-id=\"9e68767\" data-element_type=\"widget\" data-e-type=\"widget\" data-widget_type=\"heading.default\">\n\t\t\t\t<div class=\"elementor-widget-container\">\n\t\t\t\t\t<h2 class=\"elementor-heading-title elementor-size-default\">Configurazioni: tavolo grande, piccolo o piano snack<\/h2>\t\t\t\t<\/div>\n\t\t\t\t<\/div>\n\t\t\t\t\t<\/div>\n\t\t<\/div>\n\t\t\t\t\t<\/div>\n\t\t<\/section>\n\t\t\t\t<section class=\"elementor-section elementor-top-section elementor-element elementor-element-3e16e0d elementor-section-full_width elementor-section-height-default elementor-section-height-default\" data-id=\"3e16e0d\" data-element_type=\"section\" data-e-type=\"section\">\n\t\t\t\t\t\t<div class=\"elementor-container elementor-column-gap-default\">\n\t\t\t\t\t<div class=\"elementor-column elementor-col-100 elementor-top-column elementor-element elementor-element-1bd451f\" data-id=\"1bd451f\" data-element_type=\"column\" data-e-type=\"column\">\n\t\t\t<div class=\"elementor-widget-wrap elementor-element-populated\">\n\t\t\t\t\t\t<div class=\"elementor-element elementor-element-ce4ea15 elementor-widget elementor-widget-text-editor\" data-id=\"ce4ea15\" data-element_type=\"widget\" data-e-type=\"widget\" data-widget_type=\"text-editor.default\">\n\t\t\t\t<div class=\"elementor-widget-container\">\n\t\t\t\t\t\t\t\t\t<p>L\u2019integrazione di un tavolo nell\u2019isola pu\u00f2 declinarsi in molteplici varianti e dimensioni, adattandosi alle diverse esigenze di spazio e stile. Tale configurazione favorisce la comunicazione e l&#8217;interazione tra chi cucina e chi attende la preparazione dei piatti, creando una dinamica piacevole e spontanea.<\/p>\t\t\t\t\t\t\t\t<\/div>\n\t\t\t\t<\/div>\n\t\t\t\t\t<\/div>\n\t\t<\/div>\n\t\t\t\t\t<\/div>\n\t\t<\/section>\n\t\t<div class=\"elementor-element elementor-element-5d3a8af e-con-full e-flex e-con e-parent\" data-id=\"5d3a8af\" data-element_type=\"container\" data-e-type=\"container\">\n\t\t\t\t<div class=\"elementor-element elementor-element-5c0779d elementor-widget elementor-widget-spacer\" data-id=\"5c0779d\" data-element_type=\"widget\" data-e-type=\"widget\" data-widget_type=\"spacer.default\">\n\t\t\t\t<div class=\"elementor-widget-container\">\n\t\t\t\t\t\t\t<div class=\"elementor-spacer\">\n\t\t\t<div class=\"elementor-spacer-inner\"><\/div>\n\t\t<\/div>\n\t\t\t\t\t\t<\/div>\n\t\t\t\t<\/div>\n\t\t\t\t<div class=\"elementor-element elementor-element-1974e96 elementor-widget elementor-widget-heading\" data-id=\"1974e96\" data-element_type=\"widget\" data-e-type=\"widget\" data-widget_type=\"heading.default\">\n\t\t\t\t<div class=\"elementor-widget-container\">\n\t\t\t\t\t<h3 class=\"elementor-heading-title elementor-size-default\">Tavolo contiguo<\/h3>\t\t\t\t<\/div>\n\t\t\t\t<\/div>\n\t\t\t\t<div class=\"elementor-element elementor-element-94c6b54 elementor-widget elementor-widget-text-editor\" data-id=\"94c6b54\" data-element_type=\"widget\" data-e-type=\"widget\" data-widget_type=\"text-editor.default\">\n\t\t\t\t<div class=\"elementor-widget-container\">\n\t\t\t\t\t\t\t\t\t<p>Un tavolo ampio, integrato ad altezza inferiore rispetto al piano di lavoro, definisce chiaramente le due zone diverse per la preparazione e il consumo. \u00c8 una soluzione che enfatizza il comfort durante i pasti, permettendo l\u2019uso di sedute tradizionali e creando una chiara separazione visiva e operativa tra le aree. \u00c8 la scelta ideale per chi predilige imbandire cene formali o occasioni speciali, ma mantenendo a portata di mano il piano dell\u2019isola.<\/p><p>L\u2019opzione di un tavolo integrato non esclude la possibilit\u00e0 di disporre di una zona separata con un tavolo da pranzo. In questo caso, il tavolo connesso all\u2019isola sar\u00e0 di dimensioni inferiori, disposto parallelamente o perpendicolarmente all\u2019isola per aggiungere una superficie comoda per i pasti di tutti i giorni e lasciare quello principale alle evenienze pi\u00f9 formali.<\/p>\t\t\t\t\t\t\t\t<\/div>\n\t\t\t\t<\/div>\n\t\t\t\t<\/div>\n\t\t<div class=\"elementor-element elementor-element-1821436 e-con-full e-flex e-con e-parent\" data-id=\"1821436\" data-element_type=\"container\" data-e-type=\"container\">\n\t\t\t\t<div class=\"elementor-element elementor-element-212a273 elementor-widget elementor-widget-spacer\" data-id=\"212a273\" data-element_type=\"widget\" data-e-type=\"widget\" data-widget_type=\"spacer.default\">\n\t\t\t\t<div class=\"elementor-widget-container\">\n\t\t\t\t\t\t\t<div class=\"elementor-spacer\">\n\t\t\t<div class=\"elementor-spacer-inner\"><\/div>\n\t\t<\/div>\n\t\t\t\t\t\t<\/div>\n\t\t\t\t<\/div>\n\t\t\t\t<div class=\"elementor-element elementor-element-e61aa3b elementor-widget elementor-widget-heading\" data-id=\"e61aa3b\" data-element_type=\"widget\" data-e-type=\"widget\" data-widget_type=\"heading.default\">\n\t\t\t\t<div class=\"elementor-widget-container\">\n\t\t\t\t\t<h3 class=\"elementor-heading-title elementor-size-default\">Tavolo estraibile<\/h3>\t\t\t\t<\/div>\n\t\t\t\t<\/div>\n\t\t\t\t<div class=\"elementor-element elementor-element-e5c9584 elementor-widget elementor-widget-text-editor\" data-id=\"e5c9584\" data-element_type=\"widget\" data-e-type=\"widget\" data-widget_type=\"text-editor.default\">\n\t\t\t\t<div class=\"elementor-widget-container\">\n\t\t\t\t\t\t\t\t\t<p>Un\u2019alternativa pratica e altamente funzionale \u00e8 il tavolo estraibile. Questo tipo di tavolo permette di gestire l\u2019ambiente in maniera molto pi\u00f9 flessibile, consentendo di sfruttare al meglio lo spazio a disposizione. Quando necessario, pu\u00f2 essere facilmente estratto per creare un&#8217;area pranzo confortevole o per estendere lo spazio durante occasioni speciali. Una volta terminato il suo utilizzo, il tavolo torna discretamente nella struttura dell&#8217;isola, restituendo ordine e pulizia all&#8217;ambiente e mantenendo inalterata la linearit\u00e0 estetica del design.<\/p>\t\t\t\t\t\t\t\t<\/div>\n\t\t\t\t<\/div>\n\t\t\t\t<\/div>\n\t\t<div class=\"elementor-element elementor-element-e6f3b63 e-con-full e-flex e-con e-parent\" data-id=\"e6f3b63\" data-element_type=\"container\" data-e-type=\"container\">\n\t\t\t\t<div class=\"elementor-element elementor-element-cae75a9 elementor-widget elementor-widget-spacer\" data-id=\"cae75a9\" data-element_type=\"widget\" data-e-type=\"widget\" data-widget_type=\"spacer.default\">\n\t\t\t\t<div class=\"elementor-widget-container\">\n\t\t\t\t\t\t\t<div class=\"elementor-spacer\">\n\t\t\t<div class=\"elementor-spacer-inner\"><\/div>\n\t\t<\/div>\n\t\t\t\t\t\t<\/div>\n\t\t\t\t<\/div>\n\t\t\t\t<div class=\"elementor-element elementor-element-02d07a5 elementor-widget elementor-widget-heading\" data-id=\"02d07a5\" data-element_type=\"widget\" data-e-type=\"widget\" data-widget_type=\"heading.default\">\n\t\t\t\t<div class=\"elementor-widget-container\">\n\t\t\t\t\t<h3 class=\"elementor-heading-title elementor-size-default\">Piano Snack<\/h3>\t\t\t\t<\/div>\n\t\t\t\t<\/div>\n\t\t\t\t<div class=\"elementor-element elementor-element-d21c223 elementor-widget elementor-widget-text-editor\" data-id=\"d21c223\" data-element_type=\"widget\" data-e-type=\"widget\" data-widget_type=\"text-editor.default\">\n\t\t\t\t<div class=\"elementor-widget-container\">\n\t\t\t\t\t\t\t\t\t<p>Una soluzione pi\u00f9 compatta \u00e8 il piano snack, che pu\u00f2 essere integrato alla stessa altezza dell\u2019isola per ottenere una continuit\u00e0 visiva elegante e funzionale. Allo stesso modo, la superficie pu\u00f2 posizionarsi su un livello diverso, definendo chiaramente la separazione delle zone. Il piano snack risulta ideale nei momenti veloci della giornata, come la colazione e gli spuntini, favorendo un&#8217;atmosfera rilassata in ambienti pi\u00f9 ridotti o in angoli dedicati a un uso pi\u00f9 informale.<\/p>\t\t\t\t\t\t\t\t<\/div>\n\t\t\t\t<\/div>\n\t\t\t\t<\/div>\n\t\t<div class=\"elementor-element elementor-element-abbbad7 e-con-full e-flex e-con e-parent\" data-id=\"abbbad7\" data-element_type=\"container\" data-e-type=\"container\">\n\t\t\t\t<div class=\"elementor-element elementor-element-92cd1b9 elementor-widget elementor-widget-spacer\" data-id=\"92cd1b9\" data-element_type=\"widget\" data-e-type=\"widget\" data-widget_type=\"spacer.default\">\n\t\t\t\t<div class=\"elementor-widget-container\">\n\t\t\t\t\t\t\t<div class=\"elementor-spacer\">\n\t\t\t<div class=\"elementor-spacer-inner\"><\/div>\n\t\t<\/div>\n\t\t\t\t\t\t<\/div>\n\t\t\t\t<\/div>\n\t\t\t\t<div class=\"elementor-element elementor-element-7ad6248 elementor-widget elementor-widget-heading\" data-id=\"7ad6248\" data-element_type=\"widget\" data-e-type=\"widget\" data-widget_type=\"heading.default\">\n\t\t\t\t<div class=\"elementor-widget-container\">\n\t\t\t\t\t<h2 class=\"elementor-heading-title elementor-size-default\">Progettazione e personalizzazione dell\u2019isola con tavolo integrato<\/h2>\t\t\t\t<\/div>\n\t\t\t\t<\/div>\n\t\t\t\t<div class=\"elementor-element elementor-element-6f04e30 elementor-widget elementor-widget-text-editor\" data-id=\"6f04e30\" data-element_type=\"widget\" data-e-type=\"widget\" data-widget_type=\"text-editor.default\">\n\t\t\t\t<div class=\"elementor-widget-container\">\n\t\t\t\t\t\t\t\t\t<p>La scelta delle dimensioni dell\u2019isola e del tavolo integrato parte da una valutazione approfondita dello spazio disponibile e dell\u2019ergonomia necessaria per garantire comodit\u00e0 e praticit\u00e0 in cucina. \u00c8 fondamentale lasciare sufficiente spazio per la circolazione e per l\u2019utilizzo agevole di entrambe le funzioni, mantenendo un equilibrio costante nell&#8217;intero ambiente. Quando parte del volume viene dedicato al tavolo estraibile, deve essere considerata anche <a href=\"https:\/\/berloni.com\/rivista\/vani-contenitivi-isola-organizzare-spazio\/\"><span class=\"sottolineato\" style=\"text-decoration: underline;\">l\u2019organizzazione interna dell\u2019isola<\/span><\/a>.<\/p><p>La combinazione di materiali \u00e8 un altro aspetto centrale nella progettazione. La selezione di finiture e texture permette di creare ambienti unici e raffinati, rispecchiando il carattere e lo stile personale di chi abita la casa. Bisogna quindi considerare come si vuole concepire le due zone della cucina (preparazione e pranzo) e se mantenere un aspetto estetico coordinato o contrastante.<\/p><p>Infine, il progetto si completa con dettagli ricercati come l\u2019illuminazione integrata o le prese a scomparsa, rendendo l\u2019isola un elemento completo, capace di rispondere a tutte le necessit\u00e0 quotidiane e di valorizzare ulteriormente lo spazio.<\/p>\t\t\t\t\t\t\t\t<\/div>\n\t\t\t\t<\/div>\n\t\t\t\t<\/div>\n\t\t<div class=\"elementor-element elementor-element-2bab655 e-con-full e-flex e-con e-parent\" data-id=\"2bab655\" data-element_type=\"container\" data-e-type=\"container\">\n\t\t\t\t<div class=\"elementor-element elementor-element-865a24d elementor-widget elementor-widget-spacer\" data-id=\"865a24d\" data-element_type=\"widget\" data-e-type=\"widget\" data-widget_type=\"spacer.default\">\n\t\t\t\t<div class=\"elementor-widget-container\">\n\t\t\t\t\t\t\t<div class=\"elementor-spacer\">\n\t\t\t<div class=\"elementor-spacer-inner\"><\/div>\n\t\t<\/div>\n\t\t\t\t\t\t<\/div>\n\t\t\t\t<\/div>\n\t\t\t\t<div class=\"elementor-element elementor-element-b2e6143 elementor-widget elementor-widget-heading\" data-id=\"b2e6143\" data-element_type=\"widget\" data-e-type=\"widget\" data-widget_type=\"heading.default\">\n\t\t\t\t<div class=\"elementor-widget-container\">\n\t\t\t\t\t<h2 class=\"elementor-heading-title elementor-size-default\">Conclusione: un punto di ritrovo unico<\/h2>\t\t\t\t<\/div>\n\t\t\t\t<\/div>\n\t\t\t\t<div class=\"elementor-element elementor-element-74839c8 elementor-widget elementor-widget-text-editor\" data-id=\"74839c8\" data-element_type=\"widget\" data-e-type=\"widget\" data-widget_type=\"text-editor.default\">\n\t\t\t\t<div class=\"elementor-widget-container\">\n\t\t\t\t\t\t\t\t\t<p>L\u2019isola con il tavolo integrato non \u00e8 semplicemente una scelta di arredamento, ma un vero e proprio progetto di vita che valorizza la convivialit\u00e0 e l&#8217;interazione quotidiana. \u00c8 un modo per sfruttare lo spazio disponibile e rendere speciale tutte le occasioni di ritrovo all\u2019isola. Si tratta di una scelta che unisce estetica e funzionalit\u00e0, rispondendo pienamente alle esigenze personali.<\/p><p>I progetti di Berloni nascono per rispettare il valore autentico della cucina come luogo privilegiato di condivisione e dove vivere con benessere ogni giorno. Prenota un appuntamento in Atelier per realizzare il desiderio di uno spazio unico, raffinato e che possa ospitare pienamente la tua quotidianit\u00e0.<\/p>\t\t\t\t\t\t\t\t<\/div>\n\t\t\t\t<\/div>\n\t\t\t\t<div class=\"elementor-element elementor-element-22affc3 elementor-widget elementor-widget-text-editor\" data-id=\"22affc3\" data-element_type=\"widget\" data-e-type=\"widget\" data-widget_type=\"text-editor.default\">\n\t\t\t\t<div class=\"elementor-widget-container\">\n\t\t\t\t\t\t\t\t\t<p><span class=\"sottolineato\"><a href=\"https:\/\/berloni.com\/cataloghi-arredamento\/\">Esplora il Catalogo Berloni<\/a><\/span> e scopri come realizzare la tua cucina.<\/p>\t\t\t\t\t\t\t\t<\/div>\n\t\t\t\t<\/div>\n\t\t\t\t<\/div>\n\t\t\t\t<\/div>\n\t\t","protected":false},"excerpt":{"rendered":"<p>Nel cuore delle abitazioni moderne, l\u2019isola con il tavolo integrato \u00e8 il punto di incontro naturale che unisce la convivialit\u00e0 e l&#8217;uso quotidiano.<\/p>","protected":false},"author":1,"featured_media":9663,"comment_status":"closed","ping_status":"closed","sticky":false,"template":"","format":"standard","meta":{"footnotes":""},"categories":[22,20,24,25],"tags":[113,126,130,125,115,112],"class_list":["post-15213","post","type-post","status-publish","format-standard","has-post-thumbnail","hentry","category-arredamento-casa","category-design","category-ispirazioni","category-moderno","tag-arredi-di-lusso","tag-cucina-con-isola","tag-cucina-moderna","tag-isola","tag-made-in-italy","tag-progettazione"],"yoast_head":"<!-- This site is optimized with the Yoast SEO plugin v27.3 - https:\/\/yoast.com\/product\/yoast-seo-wordpress\/ -->\n<title>Come arredare l\u2019isola con un tavolo integrato - Berloni<\/title>\n<meta name=\"description\" content=\"Isola con tavolo integrato: scopri le soluzioni Berloni per unire estetica e funzionalit\u00e0. Prenota ora la tua consulenza personalizzata.\" \/>\n<meta name=\"robots\" content=\"index, follow, max-snippet:-1, max-image-preview:large, max-video-preview:-1\" \/>\n<link rel=\"canonical\" href=\"https:\/\/berloni.com\/en\/magazine\/how-to-furnish-a-kitchen-island-with-an-integrated-table\/\" \/>\n<meta property=\"og:locale\" content=\"en_GB\" \/>\n<meta property=\"og:type\" content=\"article\" \/>\n<meta property=\"og:title\" content=\"Come arredare l\u2019isola con un tavolo integrato - Berloni\" \/>\n<meta property=\"og:description\" content=\"Isola con tavolo integrato: scopri le soluzioni Berloni per unire estetica e funzionalit\u00e0. Prenota ora la tua consulenza personalizzata.\" \/>\n<meta property=\"og:url\" content=\"https:\/\/berloni.com\/en\/magazine\/how-to-furnish-a-kitchen-island-with-an-integrated-table\/\" \/>\n<meta property=\"og:site_name\" content=\"Berloni\" \/>\n<meta property=\"article:publisher\" content=\"https:\/\/www.facebook.com\/CucineBerloni\/\" \/>\n<meta property=\"article:published_time\" content=\"2025-07-16T14:15:07+00:00\" \/>\n<meta property=\"article:modified_time\" content=\"2025-07-16T15:40:20+00:00\" \/>\n<meta property=\"og:image\" content=\"https:\/\/berloni.com\/wp-content\/uploads\/2025\/01\/1204_Bellucci_03_04.jpg\" \/>\n\t<meta property=\"og:image:width\" content=\"2000\" \/>\n\t<meta property=\"og:image:height\" content=\"1414\" \/>\n\t<meta property=\"og:image:type\" content=\"image\/jpeg\" \/>\n<meta name=\"author\" content=\"admin\" \/>\n<meta name=\"twitter:card\" content=\"summary_large_image\" \/>\n<meta name=\"twitter:label1\" content=\"Written by\" \/>\n\t<meta name=\"twitter:data1\" content=\"admin\" \/>\n\t<meta name=\"twitter:label2\" content=\"Estimated reading time\" \/>\n\t<meta name=\"twitter:data2\" content=\"1 minute\" \/>\n<script type=\"application\/ld+json\" class=\"yoast-schema-graph\">{\"@context\":\"https:\\\/\\\/schema.org\",\"@graph\":[{\"@type\":\"Article\",\"@id\":\"https:\\\/\\\/berloni.com\\\/rivista\\\/come-arredare-isola-con-tavolo-integrato\\\/#article\",\"isPartOf\":{\"@id\":\"https:\\\/\\\/berloni.com\\\/rivista\\\/come-arredare-isola-con-tavolo-integrato\\\/\"},\"author\":{\"name\":\"admin\",\"@id\":\"https:\\\/\\\/berloni.com\\\/#\\\/schema\\\/person\\\/234573bc1ba34f8efdae0d8637c6ca57\"},\"headline\":\"Come arredare l\u2019isola con un tavolo integrato\",\"datePublished\":\"2025-07-16T14:15:07+00:00\",\"dateModified\":\"2025-07-16T15:40:20+00:00\",\"mainEntityOfPage\":{\"@id\":\"https:\\\/\\\/berloni.com\\\/rivista\\\/come-arredare-isola-con-tavolo-integrato\\\/\"},\"wordCount\":762,\"publisher\":{\"@id\":\"https:\\\/\\\/berloni.com\\\/#organization\"},\"image\":{\"@id\":\"https:\\\/\\\/berloni.com\\\/rivista\\\/come-arredare-isola-con-tavolo-integrato\\\/#primaryimage\"},\"thumbnailUrl\":\"https:\\\/\\\/berloni.com\\\/wp-content\\\/uploads\\\/2025\\\/01\\\/1204_Bellucci_03_04.jpg\",\"keywords\":[\"Arredi di Lusso\",\"Cucina con Isola\",\"Cucina Moderna\",\"Isola\",\"Made in Italy\",\"Progettazione\"],\"articleSection\":[\"Arredamento casa\",\"Design\",\"Ispirazioni\",\"Moderno\"],\"inLanguage\":\"en-GB\"},{\"@type\":\"WebPage\",\"@id\":\"https:\\\/\\\/berloni.com\\\/rivista\\\/come-arredare-isola-con-tavolo-integrato\\\/\",\"url\":\"https:\\\/\\\/berloni.com\\\/rivista\\\/come-arredare-isola-con-tavolo-integrato\\\/\",\"name\":\"Come arredare l\u2019isola con un tavolo integrato - Berloni\",\"isPartOf\":{\"@id\":\"https:\\\/\\\/berloni.com\\\/#website\"},\"primaryImageOfPage\":{\"@id\":\"https:\\\/\\\/berloni.com\\\/rivista\\\/come-arredare-isola-con-tavolo-integrato\\\/#primaryimage\"},\"image\":{\"@id\":\"https:\\\/\\\/berloni.com\\\/rivista\\\/come-arredare-isola-con-tavolo-integrato\\\/#primaryimage\"},\"thumbnailUrl\":\"https:\\\/\\\/berloni.com\\\/wp-content\\\/uploads\\\/2025\\\/01\\\/1204_Bellucci_03_04.jpg\",\"datePublished\":\"2025-07-16T14:15:07+00:00\",\"dateModified\":\"2025-07-16T15:40:20+00:00\",\"description\":\"Isola con tavolo integrato: scopri le soluzioni Berloni per unire estetica e funzionalit\u00e0. Prenota ora la tua consulenza personalizzata.\",\"breadcrumb\":{\"@id\":\"https:\\\/\\\/berloni.com\\\/rivista\\\/come-arredare-isola-con-tavolo-integrato\\\/#breadcrumb\"},\"inLanguage\":\"en-GB\",\"potentialAction\":[{\"@type\":\"ReadAction\",\"target\":[\"https:\\\/\\\/berloni.com\\\/rivista\\\/come-arredare-isola-con-tavolo-integrato\\\/\"]}]},{\"@type\":\"ImageObject\",\"inLanguage\":\"en-GB\",\"@id\":\"https:\\\/\\\/berloni.com\\\/rivista\\\/come-arredare-isola-con-tavolo-integrato\\\/#primaryimage\",\"url\":\"https:\\\/\\\/berloni.com\\\/wp-content\\\/uploads\\\/2025\\\/01\\\/1204_Bellucci_03_04.jpg\",\"contentUrl\":\"https:\\\/\\\/berloni.com\\\/wp-content\\\/uploads\\\/2025\\\/01\\\/1204_Bellucci_03_04.jpg\",\"width\":2000,\"height\":1414,\"caption\":\"Bellucci 03 vista laterale\"},{\"@type\":\"BreadcrumbList\",\"@id\":\"https:\\\/\\\/berloni.com\\\/rivista\\\/come-arredare-isola-con-tavolo-integrato\\\/#breadcrumb\",\"itemListElement\":[{\"@type\":\"ListItem\",\"position\":1,\"name\":\"Home\",\"item\":\"https:\\\/\\\/berloni.com\\\/\"},{\"@type\":\"ListItem\",\"position\":2,\"name\":\"Come arredare l\u2019isola con un tavolo integrato\"}]},{\"@type\":\"WebSite\",\"@id\":\"https:\\\/\\\/berloni.com\\\/#website\",\"url\":\"https:\\\/\\\/berloni.com\\\/\",\"name\":\"Berloni\",\"description\":\"\",\"publisher\":{\"@id\":\"https:\\\/\\\/berloni.com\\\/#organization\"},\"potentialAction\":[{\"@type\":\"SearchAction\",\"target\":{\"@type\":\"EntryPoint\",\"urlTemplate\":\"https:\\\/\\\/berloni.com\\\/?s={search_term_string}\"},\"query-input\":{\"@type\":\"PropertyValueSpecification\",\"valueRequired\":true,\"valueName\":\"search_term_string\"}}],\"inLanguage\":\"en-GB\"},{\"@type\":\"Organization\",\"@id\":\"https:\\\/\\\/berloni.com\\\/#organization\",\"name\":\"Berloni\",\"url\":\"https:\\\/\\\/berloni.com\\\/\",\"logo\":{\"@type\":\"ImageObject\",\"inLanguage\":\"en-GB\",\"@id\":\"https:\\\/\\\/berloni.com\\\/#\\\/schema\\\/logo\\\/image\\\/\",\"url\":\"https:\\\/\\\/berloni.com\\\/wp-content\\\/uploads\\\/2025\\\/01\\\/Favicon_Berloni.png\",\"contentUrl\":\"https:\\\/\\\/berloni.com\\\/wp-content\\\/uploads\\\/2025\\\/01\\\/Favicon_Berloni.png\",\"width\":513,\"height\":513,\"caption\":\"Berloni\"},\"image\":{\"@id\":\"https:\\\/\\\/berloni.com\\\/#\\\/schema\\\/logo\\\/image\\\/\"},\"sameAs\":[\"https:\\\/\\\/www.facebook.com\\\/CucineBerloni\\\/\",\"https:\\\/\\\/www.instagram.com\\\/cucineberloni\\\/\",\"https:\\\/\\\/it.pinterest.com\\\/berloni\\\/\",\"https:\\\/\\\/www.linkedin.com\\\/company\\\/berloni\\\/\"]},{\"@type\":\"Person\",\"@id\":\"https:\\\/\\\/berloni.com\\\/#\\\/schema\\\/person\\\/234573bc1ba34f8efdae0d8637c6ca57\",\"name\":\"admin\",\"image\":{\"@type\":\"ImageObject\",\"inLanguage\":\"en-GB\",\"@id\":\"https:\\\/\\\/secure.gravatar.com\\\/avatar\\\/3ae2cbd0daf127e36f2bcf8f07112ff400cef749a9d8e7b9c577c4a387336874?s=96&d=mm&r=g\",\"url\":\"https:\\\/\\\/secure.gravatar.com\\\/avatar\\\/3ae2cbd0daf127e36f2bcf8f07112ff400cef749a9d8e7b9c577c4a387336874?s=96&d=mm&r=g\",\"contentUrl\":\"https:\\\/\\\/secure.gravatar.com\\\/avatar\\\/3ae2cbd0daf127e36f2bcf8f07112ff400cef749a9d8e7b9c577c4a387336874?s=96&d=mm&r=g\",\"caption\":\"admin\"},\"sameAs\":[\"https:\\\/\\\/berloni.com\"],\"url\":\"https:\\\/\\\/berloni.com\\\/en\\\/rivista\\\/author\\\/admin\\\/\"}]}<\/script>\n<!-- \/ Yoast SEO plugin. -->","yoast_head_json":{"title":"How to furnish a kitchen island with an integrated table - Berloni","description":"Island with integrated table: discover Berloni solutions combining elegance and function. Book your personalized consultation now.","robots":{"index":"index","follow":"follow","max-snippet":"max-snippet:-1","max-image-preview":"max-image-preview:large","max-video-preview":"max-video-preview:-1"},"canonical":"https:\/\/berloni.com\/en\/magazine\/how-to-furnish-a-kitchen-island-with-an-integrated-table\/","og_locale":"en_GB","og_type":"article","og_title":"Come arredare l\u2019isola con un tavolo integrato - Berloni","og_description":"Isola con tavolo integrato: scopri le soluzioni Berloni per unire estetica e funzionalit\u00e0. Prenota ora la tua consulenza personalizzata.","og_url":"https:\/\/berloni.com\/en\/magazine\/how-to-furnish-a-kitchen-island-with-an-integrated-table\/","og_site_name":"Berloni","article_publisher":"https:\/\/www.facebook.com\/CucineBerloni\/","article_published_time":"2025-07-16T14:15:07+00:00","article_modified_time":"2025-07-16T15:40:20+00:00","og_image":[{"width":2000,"height":1414,"url":"https:\/\/berloni.com\/wp-content\/uploads\/2025\/01\/1204_Bellucci_03_04.jpg","type":"image\/jpeg"}],"author":"admin","twitter_card":"summary_large_image","twitter_misc":{"Written by":"admin","Estimated reading time":"1 minute"},"schema":{"@context":"https:\/\/schema.org","@graph":[{"@type":"Article","@id":"https:\/\/berloni.com\/rivista\/come-arredare-isola-con-tavolo-integrato\/#article","isPartOf":{"@id":"https:\/\/berloni.com\/rivista\/come-arredare-isola-con-tavolo-integrato\/"},"author":{"name":"admin","@id":"https:\/\/berloni.com\/#\/schema\/person\/234573bc1ba34f8efdae0d8637c6ca57"},"headline":"Come arredare l\u2019isola con un tavolo integrato","datePublished":"2025-07-16T14:15:07+00:00","dateModified":"2025-07-16T15:40:20+00:00","mainEntityOfPage":{"@id":"https:\/\/berloni.com\/rivista\/come-arredare-isola-con-tavolo-integrato\/"},"wordCount":762,"publisher":{"@id":"https:\/\/berloni.com\/#organization"},"image":{"@id":"https:\/\/berloni.com\/rivista\/come-arredare-isola-con-tavolo-integrato\/#primaryimage"},"thumbnailUrl":"https:\/\/berloni.com\/wp-content\/uploads\/2025\/01\/1204_Bellucci_03_04.jpg","keywords":["Arredi di Lusso","Cucina con Isola","Cucina Moderna","Isola","Made in Italy","Progettazione"],"articleSection":["Arredamento casa","Design","Ispirazioni","Moderno"],"inLanguage":"en-GB"},{"@type":"WebPage","@id":"https:\/\/berloni.com\/rivista\/come-arredare-isola-con-tavolo-integrato\/","url":"https:\/\/berloni.com\/rivista\/come-arredare-isola-con-tavolo-integrato\/","name":"How to furnish a kitchen island with an integrated table - Berloni","isPartOf":{"@id":"https:\/\/berloni.com\/#website"},"primaryImageOfPage":{"@id":"https:\/\/berloni.com\/rivista\/come-arredare-isola-con-tavolo-integrato\/#primaryimage"},"image":{"@id":"https:\/\/berloni.com\/rivista\/come-arredare-isola-con-tavolo-integrato\/#primaryimage"},"thumbnailUrl":"https:\/\/berloni.com\/wp-content\/uploads\/2025\/01\/1204_Bellucci_03_04.jpg","datePublished":"2025-07-16T14:15:07+00:00","dateModified":"2025-07-16T15:40:20+00:00","description":"Island with integrated table: discover Berloni solutions combining elegance and function. Book your personalized consultation now.","breadcrumb":{"@id":"https:\/\/berloni.com\/rivista\/come-arredare-isola-con-tavolo-integrato\/#breadcrumb"},"inLanguage":"en-GB","potentialAction":[{"@type":"ReadAction","target":["https:\/\/berloni.com\/rivista\/come-arredare-isola-con-tavolo-integrato\/"]}]},{"@type":"ImageObject","inLanguage":"en-GB","@id":"https:\/\/berloni.com\/rivista\/come-arredare-isola-con-tavolo-integrato\/#primaryimage","url":"https:\/\/berloni.com\/wp-content\/uploads\/2025\/01\/1204_Bellucci_03_04.jpg","contentUrl":"https:\/\/berloni.com\/wp-content\/uploads\/2025\/01\/1204_Bellucci_03_04.jpg","width":2000,"height":1414,"caption":"Bellucci 03 vista laterale"},{"@type":"BreadcrumbList","@id":"https:\/\/berloni.com\/rivista\/come-arredare-isola-con-tavolo-integrato\/#breadcrumb","itemListElement":[{"@type":"ListItem","position":1,"name":"Home","item":"https:\/\/berloni.com\/"},{"@type":"ListItem","position":2,"name":"Come arredare l\u2019isola con un tavolo integrato"}]},{"@type":"WebSite","@id":"https:\/\/berloni.com\/#website","url":"https:\/\/berloni.com\/","name":"Berloni","description":"","publisher":{"@id":"https:\/\/berloni.com\/#organization"},"potentialAction":[{"@type":"SearchAction","target":{"@type":"EntryPoint","urlTemplate":"https:\/\/berloni.com\/?s={search_term_string}"},"query-input":{"@type":"PropertyValueSpecification","valueRequired":true,"valueName":"search_term_string"}}],"inLanguage":"en-GB"},{"@type":"Organization","@id":"https:\/\/berloni.com\/#organization","name":"Berloni","url":"https:\/\/berloni.com\/","logo":{"@type":"ImageObject","inLanguage":"en-GB","@id":"https:\/\/berloni.com\/#\/schema\/logo\/image\/","url":"https:\/\/berloni.com\/wp-content\/uploads\/2025\/01\/Favicon_Berloni.png","contentUrl":"https:\/\/berloni.com\/wp-content\/uploads\/2025\/01\/Favicon_Berloni.png","width":513,"height":513,"caption":"Berloni"},"image":{"@id":"https:\/\/berloni.com\/#\/schema\/logo\/image\/"},"sameAs":["https:\/\/www.facebook.com\/CucineBerloni\/","https:\/\/www.instagram.com\/cucineberloni\/","https:\/\/it.pinterest.com\/berloni\/","https:\/\/www.linkedin.com\/company\/berloni\/"]},{"@type":"Person","@id":"https:\/\/berloni.com\/#\/schema\/person\/234573bc1ba34f8efdae0d8637c6ca57","name":"admin","image":{"@type":"ImageObject","inLanguage":"en-GB","@id":"https:\/\/secure.gravatar.com\/avatar\/3ae2cbd0daf127e36f2bcf8f07112ff400cef749a9d8e7b9c577c4a387336874?s=96&d=mm&r=g","url":"https:\/\/secure.gravatar.com\/avatar\/3ae2cbd0daf127e36f2bcf8f07112ff400cef749a9d8e7b9c577c4a387336874?s=96&d=mm&r=g","contentUrl":"https:\/\/secure.gravatar.com\/avatar\/3ae2cbd0daf127e36f2bcf8f07112ff400cef749a9d8e7b9c577c4a387336874?s=96&d=mm&r=g","caption":"admin"},"sameAs":["https:\/\/berloni.com"],"url":"https:\/\/berloni.com\/en\/rivista\/author\/admin\/"}]}},"_links":{"self":[{"href":"https:\/\/berloni.com\/en\/wp-json\/wp\/v2\/posts\/15213","targetHints":{"allow":["GET"]}}],"collection":[{"href":"https:\/\/berloni.com\/en\/wp-json\/wp\/v2\/posts"}],"about":[{"href":"https:\/\/berloni.com\/en\/wp-json\/wp\/v2\/types\/post"}],"author":[{"embeddable":true,"href":"https:\/\/berloni.com\/en\/wp-json\/wp\/v2\/users\/1"}],"replies":[{"embeddable":true,"href":"https:\/\/berloni.com\/en\/wp-json\/wp\/v2\/comments?post=15213"}],"version-history":[{"count":4,"href":"https:\/\/berloni.com\/en\/wp-json\/wp\/v2\/posts\/15213\/revisions"}],"predecessor-version":[{"id":15217,"href":"https:\/\/berloni.com\/en\/wp-json\/wp\/v2\/posts\/15213\/revisions\/15217"}],"wp:featuredmedia":[{"embeddable":true,"href":"https:\/\/berloni.com\/en\/wp-json\/wp\/v2\/media\/9663"}],"wp:attachment":[{"href":"https:\/\/berloni.com\/en\/wp-json\/wp\/v2\/media?parent=15213"}],"wp:term":[{"taxonomy":"category","embeddable":true,"href":"https:\/\/berloni.com\/en\/wp-json\/wp\/v2\/categories?post=15213"},{"taxonomy":"post_tag","embeddable":true,"href":"https:\/\/berloni.com\/en\/wp-json\/wp\/v2\/tags?post=15213"}],"curies":[{"name":"wp","href":"https:\/\/api.w.org\/{rel}","templated":true}]}}