{"id":15009,"date":"2025-07-10T09:18:29","date_gmt":"2025-07-10T08:18:29","guid":{"rendered":"https:\/\/berloni.com\/?p=15009"},"modified":"2025-07-10T10:09:57","modified_gmt":"2025-07-10T09:09:57","slug":"kitchen-island-with-sink","status":"publish","type":"post","link":"https:\/\/berloni.com\/en\/rivista\/isola-della-cucina-con-lavello\/","title":{"rendered":"The kitchen island with sink"},"content":{"rendered":"\t\t<div data-elementor-type=\"wp-post\" data-elementor-id=\"15009\" class=\"elementor elementor-15009\" data-elementor-post-type=\"post\">\n\t\t\t\t\t\t<section class=\"elementor-section elementor-top-section elementor-element elementor-element-10e0bbd elementor-section-full_width elementor-section-height-default elementor-section-height-default\" data-id=\"10e0bbd\" data-element_type=\"section\" data-e-type=\"section\">\n\t\t\t\t\t\t<div class=\"elementor-container elementor-column-gap-default\">\n\t\t\t\t\t<div class=\"elementor-column elementor-col-100 elementor-top-column elementor-element elementor-element-e34b795\" data-id=\"e34b795\" data-element_type=\"column\" data-e-type=\"column\">\n\t\t\t<div class=\"elementor-widget-wrap elementor-element-populated\">\n\t\t\t\t\t\t<div class=\"elementor-element elementor-element-666f689 elementor-widget elementor-widget-text-editor\" data-id=\"666f689\" data-element_type=\"widget\" data-e-type=\"widget\" data-widget_type=\"text-editor.default\">\n\t\t\t\t<div class=\"elementor-widget-container\">\n\t\t\t\t\t\t\t\t\t<p>L&#8217;isola con il lavello integrato \u00e8 un oggetto architettonico raffinato e che richiede particolare riguardo ed equilibrio. \u00c8 un punto focale che trasforma lo spazio in luogo di incontro, per il quale viene presa una decisione progettuale precisa che unisce estetica e funzione nella quotidianit\u00e0.<\/p><p>La cucina contemporanea concentra nell&#8217;isola la tradizione italiana del convivio, tuttavia, integrare questo elemento con la zona lavaggio richiede una consapevolezza piena delle proprie abitudini e delle proprie necessit\u00e0. Un&#8217;isola ben progettata risponde a esigenze specifiche, rendendo i limiti in opportunit\u00e0 creative e dove ogni centimetro ha un significato preciso nel ritmo della vita domestica.<\/p>\t\t\t\t\t\t\t\t<\/div>\n\t\t\t\t<\/div>\n\t\t\t\t\t<\/div>\n\t\t<\/div>\n\t\t\t\t\t<\/div>\n\t\t<\/section>\n\t\t\t\t<section class=\"elementor-section elementor-top-section elementor-element elementor-element-87a9308 elementor-section-full_width elementor-section-height-default elementor-section-height-default\" data-id=\"87a9308\" data-element_type=\"section\" data-e-type=\"section\">\n\t\t\t\t\t\t<div class=\"elementor-container elementor-column-gap-default\">\n\t\t\t\t\t<div class=\"elementor-column elementor-col-100 elementor-top-column elementor-element elementor-element-5e99bcb\" data-id=\"5e99bcb\" data-element_type=\"column\" data-e-type=\"column\">\n\t\t\t<div class=\"elementor-widget-wrap elementor-element-populated\">\n\t\t\t\t\t\t<div class=\"elementor-element elementor-element-64aee60 elementor-widget elementor-widget-table-of-contents\" data-id=\"64aee60\" data-element_type=\"widget\" data-e-type=\"widget\" data-settings=\"{&quot;exclude_headings_by_selector&quot;:[],&quot;headings_by_tags&quot;:[&quot;h2&quot;,&quot;h3&quot;,&quot;h4&quot;,&quot;h5&quot;,&quot;h6&quot;],&quot;marker_view&quot;:&quot;numbers&quot;,&quot;hierarchical_view&quot;:&quot;yes&quot;,&quot;min_height&quot;:{&quot;unit&quot;:&quot;px&quot;,&quot;size&quot;:&quot;&quot;,&quot;sizes&quot;:[]},&quot;min_height_laptop&quot;:{&quot;unit&quot;:&quot;px&quot;,&quot;size&quot;:&quot;&quot;,&quot;sizes&quot;:[]},&quot;min_height_tablet_extra&quot;:{&quot;unit&quot;:&quot;px&quot;,&quot;size&quot;:&quot;&quot;,&quot;sizes&quot;:[]},&quot;min_height_tablet&quot;:{&quot;unit&quot;:&quot;px&quot;,&quot;size&quot;:&quot;&quot;,&quot;sizes&quot;:[]},&quot;min_height_mobile_extra&quot;:{&quot;unit&quot;:&quot;px&quot;,&quot;size&quot;:&quot;&quot;,&quot;sizes&quot;:[]},&quot;min_height_mobile&quot;:{&quot;unit&quot;:&quot;px&quot;,&quot;size&quot;:&quot;&quot;,&quot;sizes&quot;:[]}}\" data-widget_type=\"table-of-contents.default\">\n\t\t\t\t<div class=\"elementor-widget-container\">\n\t\t\t\t\t\t\t\t\t<div class=\"elementor-toc__header\">\n\t\t\t\t\t\t<h4 class=\"elementor-toc__header-title\">\n\t\t\t\tIndice\t\t\t<\/h4>\n\t\t\t\t\t\t\t\t<\/div>\n\t\t\t\t<div id=\"elementor-toc__64aee60\" class=\"elementor-toc__body\">\n\t\t\t<div class=\"elementor-toc__spinner-container\">\n\t\t\t\t<svg class=\"elementor-toc__spinner eicon-animation-spin e-font-icon-svg e-eicon-loading\" aria-hidden=\"true\" viewBox=\"0 0 1000 1000\" xmlns=\"http:\/\/www.w3.org\/2000\/svg\"><path d=\"M500 975V858C696 858 858 696 858 500S696 142 500 142 142 304 142 500H25C25 237 238 25 500 25S975 237 975 500 763 975 500 975Z\"><\/path><\/svg>\t\t\t<\/div>\n\t\t<\/div>\n\t\t\t\t\t\t<\/div>\n\t\t\t\t<\/div>\n\t\t\t\t\t<\/div>\n\t\t<\/div>\n\t\t\t\t\t<\/div>\n\t\t<\/section>\n\t\t\t\t<section class=\"elementor-section elementor-top-section elementor-element elementor-element-4e88d91 elementor-section-full_width elementor-section-height-default elementor-section-height-default\" data-id=\"4e88d91\" data-element_type=\"section\" data-e-type=\"section\">\n\t\t\t\t\t\t<div class=\"elementor-container elementor-column-gap-default\">\n\t\t\t\t\t<div class=\"elementor-column elementor-col-100 elementor-top-column elementor-element elementor-element-43fd7ea\" data-id=\"43fd7ea\" data-element_type=\"column\" data-e-type=\"column\">\n\t\t\t<div class=\"elementor-widget-wrap elementor-element-populated\">\n\t\t\t\t\t\t<div class=\"elementor-element elementor-element-28f8e3a elementor-widget elementor-widget-spacer\" data-id=\"28f8e3a\" data-element_type=\"widget\" data-e-type=\"widget\" data-widget_type=\"spacer.default\">\n\t\t\t\t<div class=\"elementor-widget-container\">\n\t\t\t\t\t\t\t<div class=\"elementor-spacer\">\n\t\t\t<div class=\"elementor-spacer-inner\"><\/div>\n\t\t<\/div>\n\t\t\t\t\t\t<\/div>\n\t\t\t\t<\/div>\n\t\t\t\t<div class=\"elementor-element elementor-element-9e68767 elementor-widget elementor-widget-heading\" data-id=\"9e68767\" data-element_type=\"widget\" data-e-type=\"widget\" data-widget_type=\"heading.default\">\n\t\t\t\t<div class=\"elementor-widget-container\">\n\t\t\t\t\t<h2 class=\"elementor-heading-title elementor-size-default\">Design e dimensioni<\/h2>\t\t\t\t<\/div>\n\t\t\t\t<\/div>\n\t\t\t\t\t<\/div>\n\t\t<\/div>\n\t\t\t\t\t<\/div>\n\t\t<\/section>\n\t\t\t\t<section class=\"elementor-section elementor-top-section elementor-element elementor-element-3e16e0d elementor-section-full_width elementor-section-height-default elementor-section-height-default\" data-id=\"3e16e0d\" data-element_type=\"section\" data-e-type=\"section\">\n\t\t\t\t\t\t<div class=\"elementor-container elementor-column-gap-default\">\n\t\t\t\t\t<div class=\"elementor-column elementor-col-100 elementor-top-column elementor-element elementor-element-1bd451f\" data-id=\"1bd451f\" data-element_type=\"column\" data-e-type=\"column\">\n\t\t\t<div class=\"elementor-widget-wrap elementor-element-populated\">\n\t\t\t\t\t\t<div class=\"elementor-element elementor-element-ce4ea15 elementor-widget elementor-widget-text-editor\" data-id=\"ce4ea15\" data-element_type=\"widget\" data-e-type=\"widget\" data-widget_type=\"text-editor.default\">\n\t\t\t\t<div class=\"elementor-widget-container\">\n\t\t\t\t\t\t\t\t\t<p>L&#8217;isola con il lavello si riconosce per le sue linee pulite e le superfici orizzontali che dialogano con gli altri elementi della cucina. Allo stesso modo, la zona dedicata al lavaggio conserva un&#8217;eleganza che si adatta naturalmente alle esigenze estetiche contemporanee. Per accomodare un lavello nel piano centrale, le dimensioni necessarie sono:<\/p><ul><li style=\"list-style-type: none;\"><ul><li>La profondit\u00e0 minima per garantire la funzionalit\u00e0 senza compromettere l&#8217;armonia degli spazi \u00e8 compresa tra 90 e 120 cm.<\/li><li>La lunghezza viene calibrata sulle dimensioni della stanza, idealmente risiede tra 150 e 250 cm, definendo la presenza scenica dell&#8217;intero oggetto.<\/li><li>L&#8217;altezza standard di 90 cm pu\u00f2 variare o essere differenziata su due livelli. In questo modo si creano aree di lavoro e di conversazione distinte che assecondano i diversi momenti della routine giornaliera.<\/li><\/ul><\/li><\/ul>\t\t\t\t\t\t\t\t<\/div>\n\t\t\t\t<\/div>\n\t\t\t\t\t<\/div>\n\t\t<\/div>\n\t\t\t\t\t<\/div>\n\t\t<\/section>\n\t\t<div class=\"elementor-element elementor-element-5d3a8af e-con-full e-flex e-con e-parent\" data-id=\"5d3a8af\" data-element_type=\"container\" data-e-type=\"container\">\n\t\t\t\t<div class=\"elementor-element elementor-element-5c0779d elementor-widget elementor-widget-spacer\" data-id=\"5c0779d\" data-element_type=\"widget\" data-e-type=\"widget\" data-widget_type=\"spacer.default\">\n\t\t\t\t<div class=\"elementor-widget-container\">\n\t\t\t\t\t\t\t<div class=\"elementor-spacer\">\n\t\t\t<div class=\"elementor-spacer-inner\"><\/div>\n\t\t<\/div>\n\t\t\t\t\t\t<\/div>\n\t\t\t\t<\/div>\n\t\t\t\t<div class=\"elementor-element elementor-element-1974e96 elementor-widget elementor-widget-heading\" data-id=\"1974e96\" data-element_type=\"widget\" data-e-type=\"widget\" data-widget_type=\"heading.default\">\n\t\t\t\t<div class=\"elementor-widget-container\">\n\t\t\t\t\t<h2 class=\"elementor-heading-title elementor-size-default\">L\u2019ergonomia per un comfort domestico<\/h2>\t\t\t\t<\/div>\n\t\t\t\t<\/div>\n\t\t\t\t<div class=\"elementor-element elementor-element-94c6b54 elementor-widget elementor-widget-text-editor\" data-id=\"94c6b54\" data-element_type=\"widget\" data-e-type=\"widget\" data-widget_type=\"text-editor.default\">\n\t\t\t\t<div class=\"elementor-widget-container\">\n\t\t\t\t\t\t\t\t\t<p>Una progettazione ergonomica garantisce che l&#8217;isola dotata di lavello diventi un pezzo d&#8217;arredo finalizzato al benessere quotidiano. Questo approccio permette di ottenere movimenti fluidi all&#8217;interno del triangolo di lavoro (lavello, piano cottura, frigorifero), migliorando l&#8217;efficienza dello spazio. L&#8217;ergonomia pensata nei minimi dettagli si traduce in un comfort silenzioso, dove i gesti ordinari sono l\u2019espressione del vivere bene.<\/p><p>Il posizionamento del lavello sull&#8217;isola merita particolare attenzione: idealmente orientato verso la zona living, offre la possibilit\u00e0 di mantenere il contatto visivo con l&#8217;ambiente circostante durante le attivit\u00e0 di preparazione. Questa scelta progettuale permette di partecipare alle conversazioni mentre si lavora, elemento distintivo della filosofia abitativa moderna.<\/p>\t\t\t\t\t\t\t\t<\/div>\n\t\t\t\t<\/div>\n\t\t\t\t<\/div>\n\t\t<div class=\"elementor-element elementor-element-1821436 e-con-full e-flex e-con e-parent\" data-id=\"1821436\" data-element_type=\"container\" data-e-type=\"container\">\n\t\t\t\t<div class=\"elementor-element elementor-element-212a273 elementor-widget elementor-widget-spacer\" data-id=\"212a273\" data-element_type=\"widget\" data-e-type=\"widget\" data-widget_type=\"spacer.default\">\n\t\t\t\t<div class=\"elementor-widget-container\">\n\t\t\t\t\t\t\t<div class=\"elementor-spacer\">\n\t\t\t<div class=\"elementor-spacer-inner\"><\/div>\n\t\t<\/div>\n\t\t\t\t\t\t<\/div>\n\t\t\t\t<\/div>\n\t\t\t\t<div class=\"elementor-element elementor-element-e61aa3b elementor-widget elementor-widget-heading\" data-id=\"e61aa3b\" data-element_type=\"widget\" data-e-type=\"widget\" data-widget_type=\"heading.default\">\n\t\t\t\t<div class=\"elementor-widget-container\">\n\t\t\t\t\t<h2 class=\"elementor-heading-title elementor-size-default\">Soluzioni progettuali per una vera personalizzazione<\/h2>\t\t\t\t<\/div>\n\t\t\t\t<\/div>\n\t\t\t\t<div class=\"elementor-element elementor-element-e5c9584 elementor-widget elementor-widget-text-editor\" data-id=\"e5c9584\" data-element_type=\"widget\" data-e-type=\"widget\" data-widget_type=\"text-editor.default\">\n\t\t\t\t<div class=\"elementor-widget-container\">\n\t\t\t\t\t\t\t\t\t<p>La progettazione dell&#8217;isola con lavello si adatta alle caratteristiche specifiche del layout della cucina con versatilit\u00e0 e attenzione alle esigenze individuali.<\/p><p>Per ambienti spaziosi, un&#8217;isola ampia e profonda accoglie agevolmente un lavello principale integrato, che diventa il protagonista dell&#8217;intero ambiente. La generosit\u00e0 delle dimensioni permette di ospitare vasche capienti e accessori complementari senza sacrificare l&#8217;area di lavoro circostante. Negli spazi pi\u00f9 contenuti, un lavello secondario dedicato a operazioni specifiche, come scongelare alimenti, rinfrescare bevande o risciacquare velocemente, offre praticit\u00e0 senza compromettere le superfici di lavoro. Questa soluzione rappresenta un punto d\u2019incontro elegante fra funzionalit\u00e0 e ottimizzazione dello spazio disponibile.<\/p><p>In spazi ancora pi\u00f9 aperti, l&#8217;isola doppia rappresenta una soluzione raffinata per chi cerca separazione tra area di preparazione e zona conversazione, creando una distinzione sottile tra i momenti diversi delle operazioni in cucina.<\/p><p>Infine, posizionare la lavastoviglie in prossimit\u00e0 del lavello \u00e8 una decisione che risponde a principi di efficienza e ordine. Si crea cos\u00ec un flusso logico che facilita la gestione delle stoviglie, eliminando movimenti superflui e mantenendo l&#8217;ambiente lindo anche durante la preparazione dei pasti.<\/p>\t\t\t\t\t\t\t\t<\/div>\n\t\t\t\t<\/div>\n\t\t\t\t<\/div>\n\t\t<div class=\"elementor-element elementor-element-bf4aaa4 e-con-full e-flex e-con e-parent\" data-id=\"bf4aaa4\" data-element_type=\"container\" data-e-type=\"container\">\n\t\t\t\t<div class=\"elementor-element elementor-element-d27ac09 elementor-widget elementor-widget-spacer\" data-id=\"d27ac09\" data-element_type=\"widget\" data-e-type=\"widget\" data-widget_type=\"spacer.default\">\n\t\t\t\t<div class=\"elementor-widget-container\">\n\t\t\t\t\t\t\t<div class=\"elementor-spacer\">\n\t\t\t<div class=\"elementor-spacer-inner\"><\/div>\n\t\t<\/div>\n\t\t\t\t\t\t<\/div>\n\t\t\t\t<\/div>\n\t\t\t\t<div class=\"elementor-element elementor-element-89d02dc elementor-widget elementor-widget-heading\" data-id=\"89d02dc\" data-element_type=\"widget\" data-e-type=\"widget\" data-widget_type=\"heading.default\">\n\t\t\t\t<div class=\"elementor-widget-container\">\n\t\t\t\t\t<h2 class=\"elementor-heading-title elementor-size-default\">Ottimizzare gli spazi con i dettagli<\/h2>\t\t\t\t<\/div>\n\t\t\t\t<\/div>\n\t\t\t\t<div class=\"elementor-element elementor-element-fadb994 elementor-widget elementor-widget-text-editor\" data-id=\"fadb994\" data-element_type=\"widget\" data-e-type=\"widget\" data-widget_type=\"text-editor.default\">\n\t\t\t\t<div class=\"elementor-widget-container\">\n\t\t\t\t\t\t\t\t\t<p>Un lavello attrezzato con accessori su misura valorizza gli spazi sottostanti, generando volumi funzionali nel quale gli strumenti di lavoro trovano la loro posizione naturale. Taglieri scorrevoli, griglie e contenitori estraibili creano un sistema modulare che si adatta alle diverse fasi della preparazione.<\/p><p>Le soluzioni pi\u00f9 innovative prevedono superfici scorrevoli che coprono parzialmente il lavello quando non viene utilizzato, ampliando l&#8217;area di lavoro disponibile. Ancora pi\u00f9 elegante \u00e8 il &#8220;coperchio&#8221; realizzato nello stesso materiale e finitura del piano dell&#8217;isola, creando continuit\u00e0 visiva e trasformando lo spazio in base alle necessit\u00e0 del momento.<\/p><p>Questi dettagli progettuali rivelano un approccio al design che unisce estetica e praticit\u00e0. L&#8217;isola con lavello diventa un esempio tangibile di come la bellezza possa coesistere con la praticit\u00e0 quotidiana.<\/p>\t\t\t\t\t\t\t\t<\/div>\n\t\t\t\t<\/div>\n\t\t\t\t<\/div>\n\t\t<div class=\"elementor-element elementor-element-2bab655 e-con-full e-flex e-con e-parent\" data-id=\"2bab655\" data-element_type=\"container\" data-e-type=\"container\">\n\t\t\t\t<div class=\"elementor-element elementor-element-865a24d elementor-widget elementor-widget-spacer\" data-id=\"865a24d\" data-element_type=\"widget\" data-e-type=\"widget\" data-widget_type=\"spacer.default\">\n\t\t\t\t<div class=\"elementor-widget-container\">\n\t\t\t\t\t\t\t<div class=\"elementor-spacer\">\n\t\t\t<div class=\"elementor-spacer-inner\"><\/div>\n\t\t<\/div>\n\t\t\t\t\t\t<\/div>\n\t\t\t\t<\/div>\n\t\t\t\t<div class=\"elementor-element elementor-element-b2e6143 elementor-widget elementor-widget-heading\" data-id=\"b2e6143\" data-element_type=\"widget\" data-e-type=\"widget\" data-widget_type=\"heading.default\">\n\t\t\t\t<div class=\"elementor-widget-container\">\n\t\t\t\t\t<h2 class=\"elementor-heading-title elementor-size-default\">Il lavello nell\u2019isola: espressione autentica dell'abitare<\/h2>\t\t\t\t<\/div>\n\t\t\t\t<\/div>\n\t\t\t\t<div class=\"elementor-element elementor-element-74839c8 elementor-widget elementor-widget-text-editor\" data-id=\"74839c8\" data-element_type=\"widget\" data-e-type=\"widget\" data-widget_type=\"text-editor.default\">\n\t\t\t\t<div class=\"elementor-widget-container\">\n\t\t\t\t\t\t\t\t\t<p>L&#8217;isola con il lavello \u00e8 pi\u00f9 di una semplice scelta progettuale: significa conoscere profondamente i propri ritmi e decidere concretamente un modo di vivere lo spazio domestico. La possibilit\u00e0 di interagire con ospiti e famiglia mentre si preparano gli alimenti trasforma l&#8217;atto culinario in esperienza di condivisione, dove il fare si unisce allo stare assieme.<\/p><p>Nell&#8217;equilibrio tra dimensioni tecniche e aspirazioni personali, l&#8217;isola con il lavello esprime un\u2019idea di un design capace di creare spazi che raccontano chi siamo attraverso la qualit\u00e0 dell&#8217;esperienza quotidiana.<\/p><p>Per progettare la tua cucina con l\u2019isola equipaggiata di livello principale o secondario, ti invitiamo a esplorare le cucine Berloni. Prenota un appuntamento in Atelier Berloni e i nostri designer ti aiuteranno a disegnare un ambiente che non si limita a ospitare la vita di tutti i giorni, ma la valorizza in ogni suo dettaglio.<\/p>\t\t\t\t\t\t\t\t<\/div>\n\t\t\t\t<\/div>\n\t\t\t\t<div class=\"elementor-element elementor-element-22affc3 elementor-widget elementor-widget-text-editor\" data-id=\"22affc3\" data-element_type=\"widget\" data-e-type=\"widget\" data-widget_type=\"text-editor.default\">\n\t\t\t\t<div class=\"elementor-widget-container\">\n\t\t\t\t\t\t\t\t\t<p><span class=\"sottolineato\"><a href=\"https:\/\/berloni.com\/cataloghi-arredamento\/\">Esplora il Catalogo Berloni<\/a><\/span> e scopri come realizzare la tua cucina.<\/p>\t\t\t\t\t\t\t\t<\/div>\n\t\t\t\t<\/div>\n\t\t\t\t<\/div>\n\t\t\t\t<\/div>\n\t\t","protected":false},"excerpt":{"rendered":"<p>L&#8217;isola con il lavello integrato \u00e8 un oggetto architettonico raffinato e che richiede particolare riguardo ed equilibrio.<\/p>","protected":false},"author":1,"featured_media":14347,"comment_status":"closed","ping_status":"closed","sticky":false,"template":"","format":"standard","meta":{"footnotes":""},"categories":[22,20,24,25],"tags":[113,126,130,125,115,112],"class_list":["post-15009","post","type-post","status-publish","format-standard","has-post-thumbnail","hentry","category-arredamento-casa","category-design","category-ispirazioni","category-moderno","tag-arredi-di-lusso","tag-cucina-con-isola","tag-cucina-moderna","tag-isola","tag-made-in-italy","tag-progettazione"],"yoast_head":"<!-- This site is optimized with the Yoast SEO plugin v27.3 - https:\/\/yoast.com\/product\/yoast-seo-wordpress\/ -->\n<title>L\u2019isola della cucina con lavello - Berloni<\/title>\n<meta name=\"description\" content=\"Isola cucina con lavello: estetica e funzionalit\u00e0 si incontrano in una soluzione Berloni. Prenota ora la tua consulenza personalizzata.\" \/>\n<meta name=\"robots\" content=\"index, follow, max-snippet:-1, max-image-preview:large, max-video-preview:-1\" \/>\n<link rel=\"canonical\" href=\"https:\/\/berloni.com\/en\/magazine\/kitchen-island-with-sink\/\" \/>\n<meta property=\"og:locale\" content=\"en_GB\" \/>\n<meta property=\"og:type\" content=\"article\" \/>\n<meta property=\"og:title\" content=\"L\u2019isola della cucina con lavello - Berloni\" \/>\n<meta property=\"og:description\" content=\"Isola cucina con lavello: estetica e funzionalit\u00e0 si incontrano in una soluzione Berloni. Prenota ora la tua consulenza personalizzata.\" \/>\n<meta property=\"og:url\" content=\"https:\/\/berloni.com\/en\/magazine\/kitchen-island-with-sink\/\" \/>\n<meta property=\"og:site_name\" content=\"Berloni\" \/>\n<meta property=\"article:publisher\" content=\"https:\/\/www.facebook.com\/CucineBerloni\/\" \/>\n<meta property=\"article:published_time\" content=\"2025-07-10T08:18:29+00:00\" \/>\n<meta property=\"article:modified_time\" content=\"2025-07-10T09:09:57+00:00\" \/>\n<meta property=\"og:image\" content=\"https:\/\/berloni.com\/wp-content\/uploads\/2025\/05\/Zona_lavaggio_cucina.jpg\" \/>\n\t<meta property=\"og:image:width\" content=\"1500\" \/>\n\t<meta property=\"og:image:height\" content=\"1060\" \/>\n\t<meta property=\"og:image:type\" content=\"image\/jpeg\" \/>\n<meta name=\"author\" content=\"admin\" \/>\n<meta name=\"twitter:card\" content=\"summary_large_image\" \/>\n<meta name=\"twitter:label1\" content=\"Written by\" \/>\n\t<meta name=\"twitter:data1\" content=\"admin\" \/>\n\t<meta name=\"twitter:label2\" content=\"Estimated reading time\" \/>\n\t<meta name=\"twitter:data2\" content=\"5 minutes\" \/>\n<script type=\"application\/ld+json\" class=\"yoast-schema-graph\">{\"@context\":\"https:\\\/\\\/schema.org\",\"@graph\":[{\"@type\":\"Article\",\"@id\":\"https:\\\/\\\/berloni.com\\\/rivista\\\/isola-della-cucina-con-lavello\\\/#article\",\"isPartOf\":{\"@id\":\"https:\\\/\\\/berloni.com\\\/rivista\\\/isola-della-cucina-con-lavello\\\/\"},\"author\":{\"name\":\"admin\",\"@id\":\"https:\\\/\\\/berloni.com\\\/#\\\/schema\\\/person\\\/234573bc1ba34f8efdae0d8637c6ca57\"},\"headline\":\"L\u2019isola della cucina con lavello\",\"datePublished\":\"2025-07-10T08:18:29+00:00\",\"dateModified\":\"2025-07-10T09:09:57+00:00\",\"mainEntityOfPage\":{\"@id\":\"https:\\\/\\\/berloni.com\\\/rivista\\\/isola-della-cucina-con-lavello\\\/\"},\"wordCount\":836,\"publisher\":{\"@id\":\"https:\\\/\\\/berloni.com\\\/#organization\"},\"image\":{\"@id\":\"https:\\\/\\\/berloni.com\\\/rivista\\\/isola-della-cucina-con-lavello\\\/#primaryimage\"},\"thumbnailUrl\":\"https:\\\/\\\/berloni.com\\\/wp-content\\\/uploads\\\/2025\\\/05\\\/Zona_lavaggio_cucina.jpg\",\"keywords\":[\"Arredi di Lusso\",\"Cucina con Isola\",\"Cucina Moderna\",\"Isola\",\"Made in Italy\",\"Progettazione\"],\"articleSection\":[\"Arredamento casa\",\"Design\",\"Ispirazioni\",\"Moderno\"],\"inLanguage\":\"en-GB\"},{\"@type\":\"WebPage\",\"@id\":\"https:\\\/\\\/berloni.com\\\/rivista\\\/isola-della-cucina-con-lavello\\\/\",\"url\":\"https:\\\/\\\/berloni.com\\\/rivista\\\/isola-della-cucina-con-lavello\\\/\",\"name\":\"L\u2019isola della cucina con lavello - Berloni\",\"isPartOf\":{\"@id\":\"https:\\\/\\\/berloni.com\\\/#website\"},\"primaryImageOfPage\":{\"@id\":\"https:\\\/\\\/berloni.com\\\/rivista\\\/isola-della-cucina-con-lavello\\\/#primaryimage\"},\"image\":{\"@id\":\"https:\\\/\\\/berloni.com\\\/rivista\\\/isola-della-cucina-con-lavello\\\/#primaryimage\"},\"thumbnailUrl\":\"https:\\\/\\\/berloni.com\\\/wp-content\\\/uploads\\\/2025\\\/05\\\/Zona_lavaggio_cucina.jpg\",\"datePublished\":\"2025-07-10T08:18:29+00:00\",\"dateModified\":\"2025-07-10T09:09:57+00:00\",\"description\":\"Isola cucina con lavello: estetica e funzionalit\u00e0 si incontrano in una soluzione Berloni. Prenota ora la tua consulenza personalizzata.\",\"breadcrumb\":{\"@id\":\"https:\\\/\\\/berloni.com\\\/rivista\\\/isola-della-cucina-con-lavello\\\/#breadcrumb\"},\"inLanguage\":\"en-GB\",\"potentialAction\":[{\"@type\":\"ReadAction\",\"target\":[\"https:\\\/\\\/berloni.com\\\/rivista\\\/isola-della-cucina-con-lavello\\\/\"]}]},{\"@type\":\"ImageObject\",\"inLanguage\":\"en-GB\",\"@id\":\"https:\\\/\\\/berloni.com\\\/rivista\\\/isola-della-cucina-con-lavello\\\/#primaryimage\",\"url\":\"https:\\\/\\\/berloni.com\\\/wp-content\\\/uploads\\\/2025\\\/05\\\/Zona_lavaggio_cucina.jpg\",\"contentUrl\":\"https:\\\/\\\/berloni.com\\\/wp-content\\\/uploads\\\/2025\\\/05\\\/Zona_lavaggio_cucina.jpg\",\"width\":1500,\"height\":1060},{\"@type\":\"BreadcrumbList\",\"@id\":\"https:\\\/\\\/berloni.com\\\/rivista\\\/isola-della-cucina-con-lavello\\\/#breadcrumb\",\"itemListElement\":[{\"@type\":\"ListItem\",\"position\":1,\"name\":\"Home\",\"item\":\"https:\\\/\\\/berloni.com\\\/\"},{\"@type\":\"ListItem\",\"position\":2,\"name\":\"L\u2019isola della cucina con lavello\"}]},{\"@type\":\"WebSite\",\"@id\":\"https:\\\/\\\/berloni.com\\\/#website\",\"url\":\"https:\\\/\\\/berloni.com\\\/\",\"name\":\"Berloni\",\"description\":\"\",\"publisher\":{\"@id\":\"https:\\\/\\\/berloni.com\\\/#organization\"},\"potentialAction\":[{\"@type\":\"SearchAction\",\"target\":{\"@type\":\"EntryPoint\",\"urlTemplate\":\"https:\\\/\\\/berloni.com\\\/?s={search_term_string}\"},\"query-input\":{\"@type\":\"PropertyValueSpecification\",\"valueRequired\":true,\"valueName\":\"search_term_string\"}}],\"inLanguage\":\"en-GB\"},{\"@type\":\"Organization\",\"@id\":\"https:\\\/\\\/berloni.com\\\/#organization\",\"name\":\"Berloni\",\"url\":\"https:\\\/\\\/berloni.com\\\/\",\"logo\":{\"@type\":\"ImageObject\",\"inLanguage\":\"en-GB\",\"@id\":\"https:\\\/\\\/berloni.com\\\/#\\\/schema\\\/logo\\\/image\\\/\",\"url\":\"https:\\\/\\\/berloni.com\\\/wp-content\\\/uploads\\\/2025\\\/01\\\/Favicon_Berloni.png\",\"contentUrl\":\"https:\\\/\\\/berloni.com\\\/wp-content\\\/uploads\\\/2025\\\/01\\\/Favicon_Berloni.png\",\"width\":513,\"height\":513,\"caption\":\"Berloni\"},\"image\":{\"@id\":\"https:\\\/\\\/berloni.com\\\/#\\\/schema\\\/logo\\\/image\\\/\"},\"sameAs\":[\"https:\\\/\\\/www.facebook.com\\\/CucineBerloni\\\/\",\"https:\\\/\\\/www.instagram.com\\\/cucineberloni\\\/\",\"https:\\\/\\\/it.pinterest.com\\\/berloni\\\/\",\"https:\\\/\\\/www.linkedin.com\\\/company\\\/berloni\\\/\"]},{\"@type\":\"Person\",\"@id\":\"https:\\\/\\\/berloni.com\\\/#\\\/schema\\\/person\\\/234573bc1ba34f8efdae0d8637c6ca57\",\"name\":\"admin\",\"image\":{\"@type\":\"ImageObject\",\"inLanguage\":\"en-GB\",\"@id\":\"https:\\\/\\\/secure.gravatar.com\\\/avatar\\\/3ae2cbd0daf127e36f2bcf8f07112ff400cef749a9d8e7b9c577c4a387336874?s=96&d=mm&r=g\",\"url\":\"https:\\\/\\\/secure.gravatar.com\\\/avatar\\\/3ae2cbd0daf127e36f2bcf8f07112ff400cef749a9d8e7b9c577c4a387336874?s=96&d=mm&r=g\",\"contentUrl\":\"https:\\\/\\\/secure.gravatar.com\\\/avatar\\\/3ae2cbd0daf127e36f2bcf8f07112ff400cef749a9d8e7b9c577c4a387336874?s=96&d=mm&r=g\",\"caption\":\"admin\"},\"sameAs\":[\"https:\\\/\\\/berloni.com\"],\"url\":\"https:\\\/\\\/berloni.com\\\/en\\\/rivista\\\/author\\\/admin\\\/\"}]}<\/script>\n<!-- \/ Yoast SEO plugin. -->","yoast_head_json":{"title":"The kitchen island with sink - Berloni","description":"Kitchen island with sink: where beauty and function meet in a Berloni solution. Book your personalized consultation now.","robots":{"index":"index","follow":"follow","max-snippet":"max-snippet:-1","max-image-preview":"max-image-preview:large","max-video-preview":"max-video-preview:-1"},"canonical":"https:\/\/berloni.com\/en\/magazine\/kitchen-island-with-sink\/","og_locale":"en_GB","og_type":"article","og_title":"L\u2019isola della cucina con lavello - Berloni","og_description":"Isola cucina con lavello: estetica e funzionalit\u00e0 si incontrano in una soluzione Berloni. Prenota ora la tua consulenza personalizzata.","og_url":"https:\/\/berloni.com\/en\/magazine\/kitchen-island-with-sink\/","og_site_name":"Berloni","article_publisher":"https:\/\/www.facebook.com\/CucineBerloni\/","article_published_time":"2025-07-10T08:18:29+00:00","article_modified_time":"2025-07-10T09:09:57+00:00","og_image":[{"width":1500,"height":1060,"url":"https:\/\/berloni.com\/wp-content\/uploads\/2025\/05\/Zona_lavaggio_cucina.jpg","type":"image\/jpeg"}],"author":"admin","twitter_card":"summary_large_image","twitter_misc":{"Written by":"admin","Estimated reading time":"5 minutes"},"schema":{"@context":"https:\/\/schema.org","@graph":[{"@type":"Article","@id":"https:\/\/berloni.com\/rivista\/isola-della-cucina-con-lavello\/#article","isPartOf":{"@id":"https:\/\/berloni.com\/rivista\/isola-della-cucina-con-lavello\/"},"author":{"name":"admin","@id":"https:\/\/berloni.com\/#\/schema\/person\/234573bc1ba34f8efdae0d8637c6ca57"},"headline":"L\u2019isola della cucina con lavello","datePublished":"2025-07-10T08:18:29+00:00","dateModified":"2025-07-10T09:09:57+00:00","mainEntityOfPage":{"@id":"https:\/\/berloni.com\/rivista\/isola-della-cucina-con-lavello\/"},"wordCount":836,"publisher":{"@id":"https:\/\/berloni.com\/#organization"},"image":{"@id":"https:\/\/berloni.com\/rivista\/isola-della-cucina-con-lavello\/#primaryimage"},"thumbnailUrl":"https:\/\/berloni.com\/wp-content\/uploads\/2025\/05\/Zona_lavaggio_cucina.jpg","keywords":["Arredi di Lusso","Cucina con Isola","Cucina Moderna","Isola","Made in Italy","Progettazione"],"articleSection":["Arredamento casa","Design","Ispirazioni","Moderno"],"inLanguage":"en-GB"},{"@type":"WebPage","@id":"https:\/\/berloni.com\/rivista\/isola-della-cucina-con-lavello\/","url":"https:\/\/berloni.com\/rivista\/isola-della-cucina-con-lavello\/","name":"The kitchen island with sink - Berloni","isPartOf":{"@id":"https:\/\/berloni.com\/#website"},"primaryImageOfPage":{"@id":"https:\/\/berloni.com\/rivista\/isola-della-cucina-con-lavello\/#primaryimage"},"image":{"@id":"https:\/\/berloni.com\/rivista\/isola-della-cucina-con-lavello\/#primaryimage"},"thumbnailUrl":"https:\/\/berloni.com\/wp-content\/uploads\/2025\/05\/Zona_lavaggio_cucina.jpg","datePublished":"2025-07-10T08:18:29+00:00","dateModified":"2025-07-10T09:09:57+00:00","description":"Kitchen island with sink: where beauty and function meet in a Berloni solution. Book your personalized consultation now.","breadcrumb":{"@id":"https:\/\/berloni.com\/rivista\/isola-della-cucina-con-lavello\/#breadcrumb"},"inLanguage":"en-GB","potentialAction":[{"@type":"ReadAction","target":["https:\/\/berloni.com\/rivista\/isola-della-cucina-con-lavello\/"]}]},{"@type":"ImageObject","inLanguage":"en-GB","@id":"https:\/\/berloni.com\/rivista\/isola-della-cucina-con-lavello\/#primaryimage","url":"https:\/\/berloni.com\/wp-content\/uploads\/2025\/05\/Zona_lavaggio_cucina.jpg","contentUrl":"https:\/\/berloni.com\/wp-content\/uploads\/2025\/05\/Zona_lavaggio_cucina.jpg","width":1500,"height":1060},{"@type":"BreadcrumbList","@id":"https:\/\/berloni.com\/rivista\/isola-della-cucina-con-lavello\/#breadcrumb","itemListElement":[{"@type":"ListItem","position":1,"name":"Home","item":"https:\/\/berloni.com\/"},{"@type":"ListItem","position":2,"name":"L\u2019isola della cucina con lavello"}]},{"@type":"WebSite","@id":"https:\/\/berloni.com\/#website","url":"https:\/\/berloni.com\/","name":"Berloni","description":"","publisher":{"@id":"https:\/\/berloni.com\/#organization"},"potentialAction":[{"@type":"SearchAction","target":{"@type":"EntryPoint","urlTemplate":"https:\/\/berloni.com\/?s={search_term_string}"},"query-input":{"@type":"PropertyValueSpecification","valueRequired":true,"valueName":"search_term_string"}}],"inLanguage":"en-GB"},{"@type":"Organization","@id":"https:\/\/berloni.com\/#organization","name":"Berloni","url":"https:\/\/berloni.com\/","logo":{"@type":"ImageObject","inLanguage":"en-GB","@id":"https:\/\/berloni.com\/#\/schema\/logo\/image\/","url":"https:\/\/berloni.com\/wp-content\/uploads\/2025\/01\/Favicon_Berloni.png","contentUrl":"https:\/\/berloni.com\/wp-content\/uploads\/2025\/01\/Favicon_Berloni.png","width":513,"height":513,"caption":"Berloni"},"image":{"@id":"https:\/\/berloni.com\/#\/schema\/logo\/image\/"},"sameAs":["https:\/\/www.facebook.com\/CucineBerloni\/","https:\/\/www.instagram.com\/cucineberloni\/","https:\/\/it.pinterest.com\/berloni\/","https:\/\/www.linkedin.com\/company\/berloni\/"]},{"@type":"Person","@id":"https:\/\/berloni.com\/#\/schema\/person\/234573bc1ba34f8efdae0d8637c6ca57","name":"admin","image":{"@type":"ImageObject","inLanguage":"en-GB","@id":"https:\/\/secure.gravatar.com\/avatar\/3ae2cbd0daf127e36f2bcf8f07112ff400cef749a9d8e7b9c577c4a387336874?s=96&d=mm&r=g","url":"https:\/\/secure.gravatar.com\/avatar\/3ae2cbd0daf127e36f2bcf8f07112ff400cef749a9d8e7b9c577c4a387336874?s=96&d=mm&r=g","contentUrl":"https:\/\/secure.gravatar.com\/avatar\/3ae2cbd0daf127e36f2bcf8f07112ff400cef749a9d8e7b9c577c4a387336874?s=96&d=mm&r=g","caption":"admin"},"sameAs":["https:\/\/berloni.com"],"url":"https:\/\/berloni.com\/en\/rivista\/author\/admin\/"}]}},"_links":{"self":[{"href":"https:\/\/berloni.com\/en\/wp-json\/wp\/v2\/posts\/15009","targetHints":{"allow":["GET"]}}],"collection":[{"href":"https:\/\/berloni.com\/en\/wp-json\/wp\/v2\/posts"}],"about":[{"href":"https:\/\/berloni.com\/en\/wp-json\/wp\/v2\/types\/post"}],"author":[{"embeddable":true,"href":"https:\/\/berloni.com\/en\/wp-json\/wp\/v2\/users\/1"}],"replies":[{"embeddable":true,"href":"https:\/\/berloni.com\/en\/wp-json\/wp\/v2\/comments?post=15009"}],"version-history":[{"count":7,"href":"https:\/\/berloni.com\/en\/wp-json\/wp\/v2\/posts\/15009\/revisions"}],"predecessor-version":[{"id":15016,"href":"https:\/\/berloni.com\/en\/wp-json\/wp\/v2\/posts\/15009\/revisions\/15016"}],"wp:featuredmedia":[{"embeddable":true,"href":"https:\/\/berloni.com\/en\/wp-json\/wp\/v2\/media\/14347"}],"wp:attachment":[{"href":"https:\/\/berloni.com\/en\/wp-json\/wp\/v2\/media?parent=15009"}],"wp:term":[{"taxonomy":"category","embeddable":true,"href":"https:\/\/berloni.com\/en\/wp-json\/wp\/v2\/categories?post=15009"},{"taxonomy":"post_tag","embeddable":true,"href":"https:\/\/berloni.com\/en\/wp-json\/wp\/v2\/tags?post=15009"}],"curies":[{"name":"wp","href":"https:\/\/api.w.org\/{rel}","templated":true}]}}