{"id":14987,"date":"2025-07-04T16:37:20","date_gmt":"2025-07-04T15:37:20","guid":{"rendered":"https:\/\/berloni.com\/?p=14987"},"modified":"2025-07-18T16:08:30","modified_gmt":"2025-07-18T15:08:30","slug":"the-island-kitchen-everything-you-need-to-know","status":"publish","type":"post","link":"https:\/\/berloni.com\/en\/rivista\/la-cucina-con-isola-tutto-quello-che-devi-sapere\/","title":{"rendered":"The island kitchen: everything you need to know"},"content":{"rendered":"\t\t<div data-elementor-type=\"wp-post\" data-elementor-id=\"14987\" class=\"elementor elementor-14987\" data-elementor-post-type=\"post\">\n\t\t\t\t\t\t<section class=\"elementor-section elementor-top-section elementor-element elementor-element-10e0bbd elementor-section-full_width elementor-section-height-default elementor-section-height-default\" data-id=\"10e0bbd\" data-element_type=\"section\" data-e-type=\"section\">\n\t\t\t\t\t\t<div class=\"elementor-container elementor-column-gap-default\">\n\t\t\t\t\t<div class=\"elementor-column elementor-col-100 elementor-top-column elementor-element elementor-element-e34b795\" data-id=\"e34b795\" data-element_type=\"column\" data-e-type=\"column\">\n\t\t\t<div class=\"elementor-widget-wrap elementor-element-populated\">\n\t\t\t\t\t\t<div class=\"elementor-element elementor-element-666f689 elementor-widget elementor-widget-text-editor\" data-id=\"666f689\" data-element_type=\"widget\" data-e-type=\"widget\" data-widget_type=\"text-editor.default\">\n\t\t\t\t<div class=\"elementor-widget-container\">\n\t\t\t\t\t\t\t\t\t<p>L&#8217;isola \u00e8 un elemento architettonico estremamente distintivo che cattura totalmente lo sguardo e diventa il perno attorno a cui sviluppare <a href=\"https:\/\/berloni.com\/rivista\/la-cucina-moderna-tutto-quello-che-devi-sapere-per-il-tuo-progetto\/\"><span class=\"sottolineato\" style=\"text-decoration: underline;\">la cucina moderna<\/span><\/a>. In tutte le sue forme, l&#8217;isola racchiude in s\u00e9 i valori fondamentali del design italiano: l&#8217;equilibrio tra forma e funzione, l&#8217;attenzione al dettaglio e la capacit\u00e0 di trasformare gesti quotidiani in esperienze di qualit\u00e0.<\/p><p>In questo articolo leggerai come progettare una cucina con l\u2019isola per dare forma a un ambiente che sar\u00e0 il cuore pulsante della tua casa nel quale vivere esperienze condivise.<\/p>\t\t\t\t\t\t\t\t<\/div>\n\t\t\t\t<\/div>\n\t\t\t\t\t<\/div>\n\t\t<\/div>\n\t\t\t\t\t<\/div>\n\t\t<\/section>\n\t\t\t\t<section class=\"elementor-section elementor-top-section elementor-element elementor-element-87a9308 elementor-section-full_width elementor-section-height-default elementor-section-height-default\" data-id=\"87a9308\" data-element_type=\"section\" data-e-type=\"section\">\n\t\t\t\t\t\t<div class=\"elementor-container elementor-column-gap-default\">\n\t\t\t\t\t<div class=\"elementor-column elementor-col-100 elementor-top-column elementor-element elementor-element-5e99bcb\" data-id=\"5e99bcb\" data-element_type=\"column\" data-e-type=\"column\">\n\t\t\t<div class=\"elementor-widget-wrap elementor-element-populated\">\n\t\t\t\t\t\t<div class=\"elementor-element elementor-element-64aee60 elementor-widget elementor-widget-table-of-contents\" data-id=\"64aee60\" data-element_type=\"widget\" data-e-type=\"widget\" data-settings=\"{&quot;exclude_headings_by_selector&quot;:[],&quot;headings_by_tags&quot;:[&quot;h2&quot;,&quot;h3&quot;,&quot;h4&quot;,&quot;h5&quot;,&quot;h6&quot;],&quot;marker_view&quot;:&quot;numbers&quot;,&quot;hierarchical_view&quot;:&quot;yes&quot;,&quot;min_height&quot;:{&quot;unit&quot;:&quot;px&quot;,&quot;size&quot;:&quot;&quot;,&quot;sizes&quot;:[]},&quot;min_height_laptop&quot;:{&quot;unit&quot;:&quot;px&quot;,&quot;size&quot;:&quot;&quot;,&quot;sizes&quot;:[]},&quot;min_height_tablet_extra&quot;:{&quot;unit&quot;:&quot;px&quot;,&quot;size&quot;:&quot;&quot;,&quot;sizes&quot;:[]},&quot;min_height_tablet&quot;:{&quot;unit&quot;:&quot;px&quot;,&quot;size&quot;:&quot;&quot;,&quot;sizes&quot;:[]},&quot;min_height_mobile_extra&quot;:{&quot;unit&quot;:&quot;px&quot;,&quot;size&quot;:&quot;&quot;,&quot;sizes&quot;:[]},&quot;min_height_mobile&quot;:{&quot;unit&quot;:&quot;px&quot;,&quot;size&quot;:&quot;&quot;,&quot;sizes&quot;:[]}}\" data-widget_type=\"table-of-contents.default\">\n\t\t\t\t<div class=\"elementor-widget-container\">\n\t\t\t\t\t\t\t\t\t<div class=\"elementor-toc__header\">\n\t\t\t\t\t\t<h4 class=\"elementor-toc__header-title\">\n\t\t\t\tIndice\t\t\t<\/h4>\n\t\t\t\t\t\t\t\t<\/div>\n\t\t\t\t<div id=\"elementor-toc__64aee60\" class=\"elementor-toc__body\">\n\t\t\t<div class=\"elementor-toc__spinner-container\">\n\t\t\t\t<svg class=\"elementor-toc__spinner eicon-animation-spin e-font-icon-svg e-eicon-loading\" aria-hidden=\"true\" viewBox=\"0 0 1000 1000\" xmlns=\"http:\/\/www.w3.org\/2000\/svg\"><path d=\"M500 975V858C696 858 858 696 858 500S696 142 500 142 142 304 142 500H25C25 237 238 25 500 25S975 237 975 500 763 975 500 975Z\"><\/path><\/svg>\t\t\t<\/div>\n\t\t<\/div>\n\t\t\t\t\t\t<\/div>\n\t\t\t\t<\/div>\n\t\t\t\t\t<\/div>\n\t\t<\/div>\n\t\t\t\t\t<\/div>\n\t\t<\/section>\n\t\t\t\t<section class=\"elementor-section elementor-top-section elementor-element elementor-element-4e88d91 elementor-section-full_width elementor-section-height-default elementor-section-height-default\" data-id=\"4e88d91\" data-element_type=\"section\" data-e-type=\"section\">\n\t\t\t\t\t\t<div class=\"elementor-container elementor-column-gap-default\">\n\t\t\t\t\t<div class=\"elementor-column elementor-col-100 elementor-top-column elementor-element elementor-element-43fd7ea\" data-id=\"43fd7ea\" data-element_type=\"column\" data-e-type=\"column\">\n\t\t\t<div class=\"elementor-widget-wrap elementor-element-populated\">\n\t\t\t\t\t\t<div class=\"elementor-element elementor-element-28f8e3a elementor-widget elementor-widget-spacer\" data-id=\"28f8e3a\" data-element_type=\"widget\" data-e-type=\"widget\" data-widget_type=\"spacer.default\">\n\t\t\t\t<div class=\"elementor-widget-container\">\n\t\t\t\t\t\t\t<div class=\"elementor-spacer\">\n\t\t\t<div class=\"elementor-spacer-inner\"><\/div>\n\t\t<\/div>\n\t\t\t\t\t\t<\/div>\n\t\t\t\t<\/div>\n\t\t\t\t<div class=\"elementor-element elementor-element-9e68767 elementor-widget elementor-widget-heading\" data-id=\"9e68767\" data-element_type=\"widget\" data-e-type=\"widget\" data-widget_type=\"heading.default\">\n\t\t\t\t<div class=\"elementor-widget-container\">\n\t\t\t\t\t<h2 class=\"elementor-heading-title elementor-size-default\">Le dimensioni dell'isola<\/h2>\t\t\t\t<\/div>\n\t\t\t\t<\/div>\n\t\t\t\t\t<\/div>\n\t\t<\/div>\n\t\t\t\t\t<\/div>\n\t\t<\/section>\n\t\t\t\t<section class=\"elementor-section elementor-top-section elementor-element elementor-element-3e16e0d elementor-section-full_width elementor-section-height-default elementor-section-height-default\" data-id=\"3e16e0d\" data-element_type=\"section\" data-e-type=\"section\">\n\t\t\t\t\t\t<div class=\"elementor-container elementor-column-gap-default\">\n\t\t\t\t\t<div class=\"elementor-column elementor-col-100 elementor-top-column elementor-element elementor-element-1bd451f\" data-id=\"1bd451f\" data-element_type=\"column\" data-e-type=\"column\">\n\t\t\t<div class=\"elementor-widget-wrap elementor-element-populated\">\n\t\t\t\t\t\t<div class=\"elementor-element elementor-element-ce4ea15 elementor-widget elementor-widget-text-editor\" data-id=\"ce4ea15\" data-element_type=\"widget\" data-e-type=\"widget\" data-widget_type=\"text-editor.default\">\n\t\t\t\t<div class=\"elementor-widget-container\">\n\t\t\t\t\t\t\t\t\t<p>Le dimensioni ideali di un&#8217;isola sono quelle che consentono di mantenere un ambiente funzionale e piacevole da vivere. Di conseguenza, la lunghezza ottimale varia notevolmente, partendo da un range tra i 150 e i 270 centimetri, fino ad arrivare a soluzioni su misura. Allo stesso modo, la profondit\u00e0 \u00e8 generalmente compresa tra i 90 e i 120 centimetri, ma sempre adattandosi alle dimensioni complessive della stanza, in modo preciso e proporzionato.<\/p><p>Per integrare correttamente questo elemento, \u00e8 necessario prevedere corridoi di almeno 90 cm sui lati. Invece, quando sono presenti ante apribili, \u00e8 preferibile mantenere una distanza di circa 120 cm, cos\u00ec da garantire movimenti fluidi e naturali.<\/p>\t\t\t\t\t\t\t\t<\/div>\n\t\t\t\t<\/div>\n\t\t\t\t\t<\/div>\n\t\t<\/div>\n\t\t\t\t\t<\/div>\n\t\t<\/section>\n\t\t\t\t<section class=\"elementor-section elementor-top-section elementor-element elementor-element-4577894 elementor-section-full_width elementor-section-height-default elementor-section-height-default\" data-id=\"4577894\" data-element_type=\"section\" data-e-type=\"section\">\n\t\t\t\t\t\t<div class=\"elementor-container elementor-column-gap-default\">\n\t\t\t\t\t<div class=\"elementor-column elementor-col-100 elementor-top-column elementor-element elementor-element-c8c1074\" data-id=\"c8c1074\" data-element_type=\"column\" data-e-type=\"column\">\n\t\t\t<div class=\"elementor-widget-wrap elementor-element-populated\">\n\t\t\t\t\t\t<div class=\"elementor-element elementor-element-b76a0e7 elementor-widget elementor-widget-spacer\" data-id=\"b76a0e7\" data-element_type=\"widget\" data-e-type=\"widget\" data-widget_type=\"spacer.default\">\n\t\t\t\t<div class=\"elementor-widget-container\">\n\t\t\t\t\t\t\t<div class=\"elementor-spacer\">\n\t\t\t<div class=\"elementor-spacer-inner\"><\/div>\n\t\t<\/div>\n\t\t\t\t\t\t<\/div>\n\t\t\t\t<\/div>\n\t\t\t\t<div class=\"elementor-element elementor-element-c548aa6 elementor-widget elementor-widget-heading\" data-id=\"c548aa6\" data-element_type=\"widget\" data-e-type=\"widget\" data-widget_type=\"heading.default\">\n\t\t\t\t<div class=\"elementor-widget-container\">\n\t\t\t\t\t<h2 class=\"elementor-heading-title elementor-size-default\">L\u2019isola negli open space e negli spazi definiti<\/h2>\t\t\t\t<\/div>\n\t\t\t\t<\/div>\n\t\t\t\t\t<\/div>\n\t\t<\/div>\n\t\t\t\t\t<\/div>\n\t\t<\/section>\n\t\t\t\t<section class=\"elementor-section elementor-top-section elementor-element elementor-element-78711ac elementor-section-full_width elementor-section-height-default elementor-section-height-default\" data-id=\"78711ac\" data-element_type=\"section\" data-e-type=\"section\">\n\t\t\t\t\t\t<div class=\"elementor-container elementor-column-gap-default\">\n\t\t\t\t\t<div class=\"elementor-column elementor-col-100 elementor-top-column elementor-element elementor-element-028bab1\" data-id=\"028bab1\" data-element_type=\"column\" data-e-type=\"column\">\n\t\t\t<div class=\"elementor-widget-wrap elementor-element-populated\">\n\t\t\t\t\t\t<div class=\"elementor-element elementor-element-34e6b71 elementor-widget elementor-widget-text-editor\" data-id=\"34e6b71\" data-element_type=\"widget\" data-e-type=\"widget\" data-widget_type=\"text-editor.default\">\n\t\t\t\t<div class=\"elementor-widget-container\">\n\t\t\t\t\t\t\t\t\t<p>Nell&#8217;ambiente open space, l&#8217;isola assume un ruolo di collegamento tra la zona della cucina e gli spazi living adiacenti. Questa posizione centrale crea una transizione fluida che invita alla socialit\u00e0 e alla condivisione. La presenza dell&#8217;isola promuove un modo di vivere dove la preparazione dei cibi si fonde con la conversazione, convertendo l&#8217;atto del cucinare in un momento conviviale.<\/p><p>Nelle cucine tradizionali, con spazi pi\u00f9 definiti e perimetrati, l&#8217;isola \u00e8 il fulcro organizzativo che ottimizza il flusso di lavoro. Posizionata strategicamente al centro dell&#8217;ambiente, riduce i percorsi e facilita i movimenti tra le diverse aree operative. L&#8217;isola offre superfici di lavoro aggiuntive a quelle circostanti, rende un ambiente pi\u00f9 ergonomico ed estetico e porta i principi della cucina professionale all\u2019interno dell&#8217;esperienza domestica.<\/p><p>L&#8217;isola diventa cos\u00ec il punto di ritrovo principale della vita di tutti i giorni.\u00a0 \u00c8 un luogo d&#8217;incontro per le persone, in cui le funzionalit\u00e0 della cucina si fondono con la sua dimensione relazionale.<\/p>\t\t\t\t\t\t\t\t<\/div>\n\t\t\t\t<\/div>\n\t\t\t\t\t<\/div>\n\t\t<\/div>\n\t\t\t\t\t<\/div>\n\t\t<\/section>\n\t\t\t\t<section class=\"elementor-section elementor-top-section elementor-element elementor-element-5fdb7d3 elementor-section-full_width elementor-section-height-default elementor-section-height-default\" data-id=\"5fdb7d3\" data-element_type=\"section\" data-e-type=\"section\">\n\t\t\t\t\t\t<div class=\"elementor-container elementor-column-gap-default\">\n\t\t\t\t\t<div class=\"elementor-column elementor-col-100 elementor-top-column elementor-element elementor-element-574f8b0\" data-id=\"574f8b0\" data-element_type=\"column\" data-e-type=\"column\">\n\t\t\t<div class=\"elementor-widget-wrap elementor-element-populated\">\n\t\t\t\t\t\t<div class=\"elementor-element elementor-element-6c7d41d elementor-widget elementor-widget-image\" data-id=\"6c7d41d\" data-element_type=\"widget\" data-e-type=\"widget\" data-widget_type=\"image.default\">\n\t\t\t\t<div class=\"elementor-widget-container\">\n\t\t\t\t\t\t\t\t\t\t\t\t\t\t\t<img fetchpriority=\"high\" decoding=\"async\" width=\"2000\" height=\"1414\" src=\"https:\/\/berloni.com\/wp-content\/uploads\/2025\/01\/1031_Bellucci_03_14.jpg\" class=\"attachment-full size-full wp-image-9670\" alt=\"materiali arredamento\" srcset=\"https:\/\/berloni.com\/wp-content\/uploads\/2025\/01\/1031_Bellucci_03_14.jpg 2000w, https:\/\/berloni.com\/wp-content\/uploads\/2025\/01\/1031_Bellucci_03_14-300x212.jpg 300w, https:\/\/berloni.com\/wp-content\/uploads\/2025\/01\/1031_Bellucci_03_14-1024x724.jpg 1024w, https:\/\/berloni.com\/wp-content\/uploads\/2025\/01\/1031_Bellucci_03_14-768x543.jpg 768w, https:\/\/berloni.com\/wp-content\/uploads\/2025\/01\/1031_Bellucci_03_14-1536x1086.jpg 1536w, https:\/\/berloni.com\/wp-content\/uploads\/2025\/01\/1031_Bellucci_03_14-600x424.jpg 600w\" sizes=\"(max-width: 2000px) 100vw, 2000px\" \/>\t\t\t\t\t\t\t\t\t\t\t\t\t\t\t<\/div>\n\t\t\t\t<\/div>\n\t\t\t\t\t<\/div>\n\t\t<\/div>\n\t\t\t\t\t<\/div>\n\t\t<\/section>\n\t\t\t\t<section class=\"elementor-section elementor-top-section elementor-element elementor-element-3902b65 elementor-section-full_width elementor-section-height-default elementor-section-height-default\" data-id=\"3902b65\" data-element_type=\"section\" data-e-type=\"section\">\n\t\t\t\t\t\t<div class=\"elementor-container elementor-column-gap-default\">\n\t\t\t\t\t<div class=\"elementor-column elementor-col-100 elementor-top-column elementor-element elementor-element-6bdf394\" data-id=\"6bdf394\" data-element_type=\"column\" data-e-type=\"column\">\n\t\t\t<div class=\"elementor-widget-wrap elementor-element-populated\">\n\t\t\t\t\t\t<div class=\"elementor-element elementor-element-9bda31c elementor-widget elementor-widget-spacer\" data-id=\"9bda31c\" data-element_type=\"widget\" data-e-type=\"widget\" data-widget_type=\"spacer.default\">\n\t\t\t\t<div class=\"elementor-widget-container\">\n\t\t\t\t\t\t\t<div class=\"elementor-spacer\">\n\t\t\t<div class=\"elementor-spacer-inner\"><\/div>\n\t\t<\/div>\n\t\t\t\t\t\t<\/div>\n\t\t\t\t<\/div>\n\t\t\t\t<div class=\"elementor-element elementor-element-c1fba63 elementor-widget elementor-widget-heading\" data-id=\"c1fba63\" data-element_type=\"widget\" data-e-type=\"widget\" data-widget_type=\"heading.default\">\n\t\t\t\t<div class=\"elementor-widget-container\">\n\t\t\t\t\t<h2 class=\"elementor-heading-title elementor-size-default\">Le configurazioni dell'isola<\/h2>\t\t\t\t<\/div>\n\t\t\t\t<\/div>\n\t\t\t\t<div class=\"elementor-element elementor-element-b9dc77d elementor-widget elementor-widget-text-editor\" data-id=\"b9dc77d\" data-element_type=\"widget\" data-e-type=\"widget\" data-widget_type=\"text-editor.default\">\n\t\t\t\t<div class=\"elementor-widget-container\">\n\t\t\t\t\t\t\t\t\t<p>La cucina con isola non \u00e8 solo un ambiente dove preparare cibi, ma \u00e8 un luogo dinamico in cui raccontiamo chi siamo e dove viviamo i momenti pi\u00f9 preziosi. Al centro di questo spazio, il piano di lavoro \u00e8 il palcoscenico in cui si uniscono preparazione, cottura e pulizia con la vita di tutti i giorni.<\/p><p>Durante la preparazione dei pasti, l\u2019isola offre uno spazio supplementare per appoggiare utensili e ingredienti, mentre negli intervalli si presta per consumare pasti veloci, ma anche come area di studio o lavoro. Questa versatilit\u00e0 risponde alle esigenze della vita contemporanea, dove gli spazi assumono significati e utilizzi diversi per rispondere alle attivit\u00e0 quotidiane.<\/p>\t\t\t\t\t\t\t\t<\/div>\n\t\t\t\t<\/div>\n\t\t\t\t<div class=\"elementor-element elementor-element-67a20a0 elementor-widget elementor-widget-spacer\" data-id=\"67a20a0\" data-element_type=\"widget\" data-e-type=\"widget\" data-widget_type=\"spacer.default\">\n\t\t\t\t<div class=\"elementor-widget-container\">\n\t\t\t\t\t\t\t<div class=\"elementor-spacer\">\n\t\t\t<div class=\"elementor-spacer-inner\"><\/div>\n\t\t<\/div>\n\t\t\t\t\t\t<\/div>\n\t\t\t\t<\/div>\n\t\t\t\t\t<\/div>\n\t\t<\/div>\n\t\t\t\t\t<\/div>\n\t\t<\/section>\n\t\t<div class=\"elementor-element elementor-element-5d3a8af e-con-full e-flex e-con e-parent\" data-id=\"5d3a8af\" data-element_type=\"container\" data-e-type=\"container\">\n\t\t\t\t<div class=\"elementor-element elementor-element-1974e96 elementor-widget elementor-widget-heading\" data-id=\"1974e96\" data-element_type=\"widget\" data-e-type=\"widget\" data-widget_type=\"heading.default\">\n\t\t\t\t<div class=\"elementor-widget-container\">\n\t\t\t\t\t<h3 class=\"elementor-heading-title elementor-size-default\">Il piano lavoro come spazio di preparazione<\/h3>\t\t\t\t<\/div>\n\t\t\t\t<\/div>\n\t\t\t\t<div class=\"elementor-element elementor-element-94c6b54 elementor-widget elementor-widget-text-editor\" data-id=\"94c6b54\" data-element_type=\"widget\" data-e-type=\"widget\" data-widget_type=\"text-editor.default\">\n\t\t\t\t<div class=\"elementor-widget-container\">\n\t\t\t\t\t\t\t\t\t<p>Qualunque sia la configurazione dell\u2019isola, essa offre una superficie ulteriore dedicata alla preparazione. L\u2019area aggiuntiva permette di preparare ricette, organizzare gli ingredienti e maneggiare gli utensili con precisione, semplificando la fase preparatoria. La posizione centrale facilita l&#8217;accesso agli strumenti necessari e consente movimenti continui che rendono l&#8217;esperienza culinaria pi\u00f9 fluida e gratificante.<\/p>\t\t\t\t\t\t\t\t<\/div>\n\t\t\t\t<\/div>\n\t\t\t\t<div class=\"elementor-element elementor-element-7720f51 elementor-widget elementor-widget-spacer\" data-id=\"7720f51\" data-element_type=\"widget\" data-e-type=\"widget\" data-widget_type=\"spacer.default\">\n\t\t\t\t<div class=\"elementor-widget-container\">\n\t\t\t\t\t\t\t<div class=\"elementor-spacer\">\n\t\t\t<div class=\"elementor-spacer-inner\"><\/div>\n\t\t<\/div>\n\t\t\t\t\t\t<\/div>\n\t\t\t\t<\/div>\n\t\t\t\t<\/div>\n\t\t<div class=\"elementor-element elementor-element-e3b0b96 e-con-full e-flex e-con e-parent\" data-id=\"e3b0b96\" data-element_type=\"container\" data-e-type=\"container\">\n\t\t\t\t<div class=\"elementor-element elementor-element-73b66f5 elementor-widget elementor-widget-heading\" data-id=\"73b66f5\" data-element_type=\"widget\" data-e-type=\"widget\" data-widget_type=\"heading.default\">\n\t\t\t\t<div class=\"elementor-widget-container\">\n\t\t\t\t\t<h3 class=\"elementor-heading-title elementor-size-default\">L\u2019integrazione del piano cottura<\/h3>\t\t\t\t<\/div>\n\t\t\t\t<\/div>\n\t\t\t\t<div class=\"elementor-element elementor-element-14b1f10 elementor-widget elementor-widget-text-editor\" data-id=\"14b1f10\" data-element_type=\"widget\" data-e-type=\"widget\" data-widget_type=\"text-editor.default\">\n\t\t\t\t<div class=\"elementor-widget-container\">\n\t\t\t\t\t\t\t\t\t<p>Quando si decide di <a href=\"https:\/\/berloni.com\/rivista\/isola-della-cucina-con-piano-cottura\/\"><span class=\"sottolineato\" style=\"text-decoration: underline;\">integrare nell\u2019isola un piano cottura<\/span><\/a>, si porta l&#8217;azione di cucinare al centro della scena domestica. Questa scelta progettuale permette di vivere l&#8217;atto di cucinare come un&#8217;esperienza condivisa, dove chi prepara i cibi e li cucina rimane in contatto visivo e verbale con gli altri abitanti dello spazio.<\/p>\t\t\t\t\t\t\t\t<\/div>\n\t\t\t\t<\/div>\n\t\t\t\t<div class=\"elementor-element elementor-element-b6b537b elementor-widget elementor-widget-spacer\" data-id=\"b6b537b\" data-element_type=\"widget\" data-e-type=\"widget\" data-widget_type=\"spacer.default\">\n\t\t\t\t<div class=\"elementor-widget-container\">\n\t\t\t\t\t\t\t<div class=\"elementor-spacer\">\n\t\t\t<div class=\"elementor-spacer-inner\"><\/div>\n\t\t<\/div>\n\t\t\t\t\t\t<\/div>\n\t\t\t\t<\/div>\n\t\t\t\t<\/div>\n\t\t<div class=\"elementor-element elementor-element-d3ab508 e-con-full e-flex e-con e-parent\" data-id=\"d3ab508\" data-element_type=\"container\" data-e-type=\"container\">\n\t\t\t\t<div class=\"elementor-element elementor-element-b14bf9a elementor-widget elementor-widget-heading\" data-id=\"b14bf9a\" data-element_type=\"widget\" data-e-type=\"widget\" data-widget_type=\"heading.default\">\n\t\t\t\t<div class=\"elementor-widget-container\">\n\t\t\t\t\t<h3 class=\"elementor-heading-title elementor-size-default\">L\u2019aggiunta del lavello<\/h3>\t\t\t\t<\/div>\n\t\t\t\t<\/div>\n\t\t\t\t<div class=\"elementor-element elementor-element-6689680 elementor-widget elementor-widget-text-editor\" data-id=\"6689680\" data-element_type=\"widget\" data-e-type=\"widget\" data-widget_type=\"text-editor.default\">\n\t\t\t\t<div class=\"elementor-widget-container\">\n\t\t\t\t\t\t\t\t\t<p><a href=\"https:\/\/berloni.com\/rivista\/isola-della-cucina-con-lavello\/\"><span class=\"sottolineato\" style=\"text-decoration: underline;\">L\u2019inserimento di un lavello nell\u2019isola<\/span><\/a> completa il ciclo delle attivit\u00e0, rendendo il flusso di lavoro ancora pi\u00f9 efficiente. Questa soluzione non solo ottimizza l\u2019uso degli spazi, ma favorisce anche ordine e pulizia. Inoltre, la visuale aperta offerta dal posizionamento del lavello permette di mantenere la percezione di spaziosit\u00e0 anche durante il lavaggio.<\/p>\t\t\t\t\t\t\t\t<\/div>\n\t\t\t\t<\/div>\n\t\t\t\t<div class=\"elementor-element elementor-element-182f959 elementor-widget elementor-widget-spacer\" data-id=\"182f959\" data-element_type=\"widget\" data-e-type=\"widget\" data-widget_type=\"spacer.default\">\n\t\t\t\t<div class=\"elementor-widget-container\">\n\t\t\t\t\t\t\t<div class=\"elementor-spacer\">\n\t\t\t<div class=\"elementor-spacer-inner\"><\/div>\n\t\t<\/div>\n\t\t\t\t\t\t<\/div>\n\t\t\t\t<\/div>\n\t\t\t\t<\/div>\n\t\t<div class=\"elementor-element elementor-element-d8a4642 e-con-full e-flex e-con e-parent\" data-id=\"d8a4642\" data-element_type=\"container\" data-e-type=\"container\">\n\t\t\t\t<div class=\"elementor-element elementor-element-d89491a elementor-widget elementor-widget-heading\" data-id=\"d89491a\" data-element_type=\"widget\" data-e-type=\"widget\" data-widget_type=\"heading.default\">\n\t\t\t\t<div class=\"elementor-widget-container\">\n\t\t\t\t\t<h3 class=\"elementor-heading-title elementor-size-default\">L\u2019isola con il tavolo<\/h3>\t\t\t\t<\/div>\n\t\t\t\t<\/div>\n\t\t\t\t<div class=\"elementor-element elementor-element-1133e82 elementor-widget elementor-widget-text-editor\" data-id=\"1133e82\" data-element_type=\"widget\" data-e-type=\"widget\" data-widget_type=\"text-editor.default\">\n\t\t\t\t<div class=\"elementor-widget-container\">\n\t\t\t\t\t\t\t\t\t<p><a href=\"https:\/\/berloni.com\/rivista\/come-arredare-isola-con-tavolo-integrato\/\"><span class=\"sottolineato\" style=\"text-decoration: underline;\">La combinazione dell\u2019isola con il tavolo<\/span><\/a> permette di ottenere un luogo di incontro dove preparare cibi, condividere momenti in famiglia o accogliere gli amici in modo informale ma elegante. Lo spazio viene cos\u00ec ottimizzato per avere una soluzione che accoglie entrambi gli elementi, ma diminuendo l\u2019area necessaria per disporli.<\/p><p><strong>Personalizzare l\u2019isola significa conoscere le proprie esigenze e realizzare i propri individuali<\/strong><\/p><p>Che venga usata come piano di lavoro, dotata di piano cottura o di lavello, oppure che si connetta ad un tavolo, il risultato \u00e8 sempre un ambiente armonioso caratterizzato da praticit\u00e0 e bellezza. Questa versatilit\u00e0 non arricchisce solo l\u2019esperienza culinaria, ma trasforma la cucina in un vero spazio di vita, dove ogni attivit\u00e0 \u00e8 sempre connessa con lo spazio circostante.<\/p>\t\t\t\t\t\t\t\t<\/div>\n\t\t\t\t<\/div>\n\t\t\t\t<div class=\"elementor-element elementor-element-cf62860 elementor-widget elementor-widget-spacer\" data-id=\"cf62860\" data-element_type=\"widget\" data-e-type=\"widget\" data-widget_type=\"spacer.default\">\n\t\t\t\t<div class=\"elementor-widget-container\">\n\t\t\t\t\t\t\t<div class=\"elementor-spacer\">\n\t\t\t<div class=\"elementor-spacer-inner\"><\/div>\n\t\t<\/div>\n\t\t\t\t\t\t<\/div>\n\t\t\t\t<\/div>\n\t\t\t\t<\/div>\n\t\t\t\t<section class=\"elementor-section elementor-top-section elementor-element elementor-element-4a1b7cc elementor-section-full_width elementor-section-height-default elementor-section-height-default\" data-id=\"4a1b7cc\" data-element_type=\"section\" data-e-type=\"section\">\n\t\t\t\t\t\t<div class=\"elementor-container elementor-column-gap-default\">\n\t\t\t\t\t<div class=\"elementor-column elementor-col-100 elementor-top-column elementor-element elementor-element-bd261bf\" data-id=\"bd261bf\" data-element_type=\"column\" data-e-type=\"column\">\n\t\t\t<div class=\"elementor-widget-wrap elementor-element-populated\">\n\t\t\t\t\t\t<div class=\"elementor-element elementor-element-4ecf5b7 elementor-widget elementor-widget-image\" data-id=\"4ecf5b7\" data-element_type=\"widget\" data-e-type=\"widget\" data-widget_type=\"image.default\">\n\t\t\t\t<div class=\"elementor-widget-container\">\n\t\t\t\t\t\t\t\t\t\t\t\t\t\t\t<img decoding=\"async\" width=\"1952\" height=\"1380\" src=\"https:\/\/berloni.com\/wp-content\/uploads\/2025\/01\/1104_Mina_03_04_modified.jpg\" class=\"attachment-full size-full wp-image-9477\" alt=\"Mina 04\" srcset=\"https:\/\/berloni.com\/wp-content\/uploads\/2025\/01\/1104_Mina_03_04_modified.jpg 1952w, https:\/\/berloni.com\/wp-content\/uploads\/2025\/01\/1104_Mina_03_04_modified-300x212.jpg 300w, https:\/\/berloni.com\/wp-content\/uploads\/2025\/01\/1104_Mina_03_04_modified-1024x724.jpg 1024w, https:\/\/berloni.com\/wp-content\/uploads\/2025\/01\/1104_Mina_03_04_modified-768x543.jpg 768w, https:\/\/berloni.com\/wp-content\/uploads\/2025\/01\/1104_Mina_03_04_modified-1536x1086.jpg 1536w, https:\/\/berloni.com\/wp-content\/uploads\/2025\/01\/1104_Mina_03_04_modified-600x424.jpg 600w\" sizes=\"(max-width: 1952px) 100vw, 1952px\" \/>\t\t\t\t\t\t\t\t\t\t\t\t\t\t\t<\/div>\n\t\t\t\t<\/div>\n\t\t\t\t\t<\/div>\n\t\t<\/div>\n\t\t\t\t\t<\/div>\n\t\t<\/section>\n\t\t<div class=\"elementor-element elementor-element-bfd40fe e-con-full e-flex e-con e-parent\" data-id=\"bfd40fe\" data-element_type=\"container\" data-e-type=\"container\">\n\t\t\t\t<div class=\"elementor-element elementor-element-0a16041 elementor-widget elementor-widget-heading\" data-id=\"0a16041\" data-element_type=\"widget\" data-e-type=\"widget\" data-widget_type=\"heading.default\">\n\t\t\t\t<div class=\"elementor-widget-container\">\n\t\t\t\t\t<h2 class=\"elementor-heading-title elementor-size-default\">I materiali dell'isola: carattere e resistenza<\/h2>\t\t\t\t<\/div>\n\t\t\t\t<\/div>\n\t\t\t\t<div class=\"elementor-element elementor-element-1f82cf5 elementor-widget elementor-widget-text-editor\" data-id=\"1f82cf5\" data-element_type=\"widget\" data-e-type=\"widget\" data-widget_type=\"text-editor.default\">\n\t\t\t\t<div class=\"elementor-widget-container\">\n\t\t\t\t\t\t\t\t\t<p><a href=\"https:\/\/berloni.com\/rivista\/quale-materiale-scegliere-per-isola-cucina\/\"><span class=\"sottolineato\" style=\"text-decoration: underline;\">Scegliere il materiale del piano dell&#8217;isola<\/span><\/a> determina non solo l&#8217;aspetto complessivo della cucina, ma anche la sua praticit\u00e0 quotidiana. Il marmo offre un\u2019ampia variet\u00e0 estetica, l&#8217;acciaio inox porta in ambiente domestico la precisione delle cucine professionali, mentre il legno massello introduce un elemento caldo che matura con l&#8217;uso.<\/p><p>Le finiture dell&#8217;isola dialogano con l&#8217;architettura complessiva della cucina, creando continuit\u00e0 o contrasto a seconda della visione progettuale. Ciascun materiale racconta una storia diversa e risponde a esigenze specifiche, traducendo in scelte concrete la personalit\u00e0 di chi vive nell\u2019ambiente.<\/p>\t\t\t\t\t\t\t\t<\/div>\n\t\t\t\t<\/div>\n\t\t\t\t<\/div>\n\t\t<div class=\"elementor-element elementor-element-bef6303 e-con-full e-flex e-con e-parent\" data-id=\"bef6303\" data-element_type=\"container\" data-e-type=\"container\">\n\t\t\t\t<div class=\"elementor-element elementor-element-cf749ef elementor-widget elementor-widget-spacer\" data-id=\"cf749ef\" data-element_type=\"widget\" data-e-type=\"widget\" data-widget_type=\"spacer.default\">\n\t\t\t\t<div class=\"elementor-widget-container\">\n\t\t\t\t\t\t\t<div class=\"elementor-spacer\">\n\t\t\t<div class=\"elementor-spacer-inner\"><\/div>\n\t\t<\/div>\n\t\t\t\t\t\t<\/div>\n\t\t\t\t<\/div>\n\t\t\t\t<div class=\"elementor-element elementor-element-a39173b elementor-widget elementor-widget-heading\" data-id=\"a39173b\" data-element_type=\"widget\" data-e-type=\"widget\" data-widget_type=\"heading.default\">\n\t\t\t\t<div class=\"elementor-widget-container\">\n\t\t\t\t\t<h2 class=\"elementor-heading-title elementor-size-default\">Organizzazione e contenimento: l'ordine nascosto<\/h2>\t\t\t\t<\/div>\n\t\t\t\t<\/div>\n\t\t\t\t<div class=\"elementor-element elementor-element-3131cd7 elementor-widget elementor-widget-text-editor\" data-id=\"3131cd7\" data-element_type=\"widget\" data-e-type=\"widget\" data-widget_type=\"text-editor.default\">\n\t\t\t\t<div class=\"elementor-widget-container\">\n\t\t\t\t\t\t\t\t\t<p><a href=\"https:\/\/berloni.com\/rivista\/vani-contenitivi-isola-organizzare-spazio\/\"><span class=\"sottolineato\" style=\"text-decoration: underline;\">L&#8217;isola rappresenta un&#8217;opportunit\u00e0 di contenimento preziosa<\/span><\/a>, con vani e cassetti accessibili da entrambi i lati che ottimizzano ogni centimetro disponibile. La progettazione interna di questi spazi richiede un&#8217;attenzione particolare alle abitudini di chi utilizzer\u00e0 la cucina, con soluzioni personalizzate per utensili, piccoli elettrodomestici o stoviglie.<\/p><p>I cassettoni a estrazione totale offrono visibilit\u00e0 completa e accesso immediato al contenuto, mentre le ante a scomparsa possono celare elettrodomestici integrati come la lavastoviglie o il frigorifero a cassetto, mantenendo la pulizia delle linee esterne e l&#8217;ordine visibile.<\/p>\t\t\t\t\t\t\t\t<\/div>\n\t\t\t\t<\/div>\n\t\t\t\t<\/div>\n\t\t<div class=\"elementor-element elementor-element-d0806e5 e-con-full e-flex e-con e-parent\" data-id=\"d0806e5\" data-element_type=\"container\" data-e-type=\"container\">\n\t\t\t\t<div class=\"elementor-element elementor-element-0be928c elementor-widget elementor-widget-spacer\" data-id=\"0be928c\" data-element_type=\"widget\" data-e-type=\"widget\" data-widget_type=\"spacer.default\">\n\t\t\t\t<div class=\"elementor-widget-container\">\n\t\t\t\t\t\t\t<div class=\"elementor-spacer\">\n\t\t\t<div class=\"elementor-spacer-inner\"><\/div>\n\t\t<\/div>\n\t\t\t\t\t\t<\/div>\n\t\t\t\t<\/div>\n\t\t\t\t<div class=\"elementor-element elementor-element-f6f51c5 elementor-widget elementor-widget-heading\" data-id=\"f6f51c5\" data-element_type=\"widget\" data-e-type=\"widget\" data-widget_type=\"heading.default\">\n\t\t\t\t<div class=\"elementor-widget-container\">\n\t\t\t\t\t<h2 class=\"elementor-heading-title elementor-size-default\">Soluzioni tecniche: aspirazione e illuminazione<\/h2>\t\t\t\t<\/div>\n\t\t\t\t<\/div>\n\t\t\t\t<div class=\"elementor-element elementor-element-3c07978 elementor-widget elementor-widget-text-editor\" data-id=\"3c07978\" data-element_type=\"widget\" data-e-type=\"widget\" data-widget_type=\"text-editor.default\">\n\t\t\t\t<div class=\"elementor-widget-container\">\n\t\t\t\t\t\t\t\t\t<p>Il sistema di aspirazione \u00e8 un elemento cruciale per le isole dotate di piano cottura. Le soluzioni contemporanee propongono cappe sospese dal design iconico, sistemi a scomparsa, o downdraft che privilegiano linee pulite e minimaliste. In questo contesto, vengono considerate sia l\u2019efficienza estrattiva che l\u2019impatto visivo e acustico, in modo da mantenere l\u2019equilibrio tra la funzione e l\u2019aspetto estetico.<\/p><p>Ugualmente, un sistema di illuminazione ben progettato risalta l&#8217;isola come punto focale dell&#8217;ambiente. La luce pu\u00f2 essere configurata in due varianti: attraverso sospensioni decorative che creano un&#8217;illuminazione d&#8217;atmosfera, oppure con faretti direzionali che forniscono chiarezza durante le attivit\u00e0 di preparazione. Combinare diverse fonti luminose permette di modulare l&#8217;intensit\u00e0 e il carattere della luce, adattandosi alle necessit\u00e0 operative ed emotive di chi abita lo spazio.<\/p>\t\t\t\t\t\t\t\t<\/div>\n\t\t\t\t<\/div>\n\t\t\t\t<\/div>\n\t\t<div class=\"elementor-element elementor-element-65c3d08 e-con-full e-flex e-con e-parent\" data-id=\"65c3d08\" data-element_type=\"container\" data-e-type=\"container\">\n\t\t\t\t<div class=\"elementor-element elementor-element-4f62eb8 elementor-widget elementor-widget-spacer\" data-id=\"4f62eb8\" data-element_type=\"widget\" data-e-type=\"widget\" data-widget_type=\"spacer.default\">\n\t\t\t\t<div class=\"elementor-widget-container\">\n\t\t\t\t\t\t\t<div class=\"elementor-spacer\">\n\t\t\t<div class=\"elementor-spacer-inner\"><\/div>\n\t\t<\/div>\n\t\t\t\t\t\t<\/div>\n\t\t\t\t<\/div>\n\t\t\t\t<div class=\"elementor-element elementor-element-053a0a5 elementor-widget elementor-widget-heading\" data-id=\"053a0a5\" data-element_type=\"widget\" data-e-type=\"widget\" data-widget_type=\"heading.default\">\n\t\t\t\t<div class=\"elementor-widget-container\">\n\t\t\t\t\t<h2 class=\"elementor-heading-title elementor-size-default\">Conclusione: l'isola come manifestazione dell'abitare contemporaneo<\/h2>\t\t\t\t<\/div>\n\t\t\t\t<\/div>\n\t\t\t\t<div class=\"elementor-element elementor-element-aaf84fc elementor-widget elementor-widget-text-editor\" data-id=\"aaf84fc\" data-element_type=\"widget\" data-e-type=\"widget\" data-widget_type=\"text-editor.default\">\n\t\t\t\t<div class=\"elementor-widget-container\">\n\t\t\t\t\t\t\t\t\t<p>L\u2019isola in cucina non \u00e8 solo uno spazio operativo, ma un elemento centrale della vita domestica moderna, che favorisce la condivisione, la continuit\u00e0 degli ambienti e il piacere della cucina quotidiana. La sua scelta richiede un&#8217;attenta valutazione delle proprie esigenze, dello spazio disponibile e dello stile di vita che si desidera.<\/p><p>Se vuoi realizzare la tua idea di cucina con isola in realt\u00e0, ti consigliamo di esplorare le proposte con isola di Berloni. I nostri progetti si basano sul comprendere come ogni dettaglio contribuisce a rendere la cucina un ambiente accogliente, pratico, armonioso e capace di evolversi nel tempo insieme a chi lo vive.<\/p><p>Non \u00e8 solo una questione di scegliere finiture e materiali, ma di immaginare uno spazio che rispecchi il tuo stile di vita, le tue abitudini e le tue necessit\u00e0 di tutti i giorni. Prenota un appuntamento con un designer Berloni per ricevere una consulenza personale per progettare una cucina con isola che sia davvero tua.<\/p>\t\t\t\t\t\t\t\t<\/div>\n\t\t\t\t<\/div>\n\t\t\t\t<div class=\"elementor-element elementor-element-53c861f elementor-widget elementor-widget-text-editor\" data-id=\"53c861f\" data-element_type=\"widget\" data-e-type=\"widget\" data-widget_type=\"text-editor.default\">\n\t\t\t\t<div class=\"elementor-widget-container\">\n\t\t\t\t\t\t\t\t\t<p><span class=\"sottolineato\"><a href=\"https:\/\/berloni.com\/cataloghi-arredamento\/\">Esplora il Catalogo Berloni<\/a><\/span> e scopri come realizzare la tua cucina.<\/p>\t\t\t\t\t\t\t\t<\/div>\n\t\t\t\t<\/div>\n\t\t\t\t<\/div>\n\t\t\t\t<\/div>\n\t\t","protected":false},"excerpt":{"rendered":"<p>In this article, we explore how to design a kitchen with an island that becomes the true heart of the home.<\/p>","protected":false},"author":1,"featured_media":9510,"comment_status":"closed","ping_status":"closed","sticky":false,"template":"","format":"standard","meta":{"footnotes":""},"categories":[22,20,24,25],"tags":[111,113,126,125,115,112],"class_list":["post-14987","post","type-post","status-publish","format-standard","has-post-thumbnail","hentry","category-arredamento-casa","category-design","category-ispirazioni","category-moderno","tag-architettura","tag-arredi-di-lusso","tag-cucina-con-isola","tag-isola","tag-made-in-italy","tag-progettazione"],"yoast_head":"<!-- This site is optimized with the Yoast SEO plugin v27.3 - https:\/\/yoast.com\/product\/yoast-seo-wordpress\/ -->\n<title>La cucina con isola: tutto quello che devi sapere - Berloni<\/title>\n<meta name=\"description\" content=\"Cucina con isola Berloni: design, funzionalit\u00e0 e socialit\u00e0 in un unico spazio. Prenota la tua consulenza con un designer Berloni.\" \/>\n<meta name=\"robots\" content=\"index, follow, max-snippet:-1, max-image-preview:large, max-video-preview:-1\" \/>\n<link rel=\"canonical\" href=\"https:\/\/berloni.com\/en\/magazine\/the-island-kitchen-everything-you-need-to-know\/\" \/>\n<meta property=\"og:locale\" content=\"en_GB\" \/>\n<meta property=\"og:type\" content=\"article\" \/>\n<meta property=\"og:title\" content=\"La cucina con isola: tutto quello che devi sapere - Berloni\" \/>\n<meta property=\"og:description\" content=\"Cucina con isola Berloni: design, funzionalit\u00e0 e socialit\u00e0 in un unico spazio. Prenota la tua consulenza con un designer Berloni.\" \/>\n<meta property=\"og:url\" content=\"https:\/\/berloni.com\/en\/magazine\/the-island-kitchen-everything-you-need-to-know\/\" \/>\n<meta property=\"og:site_name\" content=\"Berloni\" \/>\n<meta property=\"article:publisher\" content=\"https:\/\/www.facebook.com\/CucineBerloni\/\" \/>\n<meta property=\"article:published_time\" content=\"2025-07-04T15:37:20+00:00\" \/>\n<meta property=\"article:modified_time\" content=\"2025-07-18T15:08:30+00:00\" \/>\n<meta property=\"og:image\" content=\"https:\/\/berloni.com\/wp-content\/uploads\/2025\/01\/1105_Duse_02_03_12-42-0.jpg\" \/>\n\t<meta property=\"og:image:width\" content=\"2000\" \/>\n\t<meta property=\"og:image:height\" content=\"1414\" \/>\n\t<meta property=\"og:image:type\" content=\"image\/jpeg\" \/>\n<meta name=\"author\" content=\"admin\" \/>\n<meta name=\"twitter:card\" content=\"summary_large_image\" \/>\n<meta name=\"twitter:label1\" content=\"Written by\" \/>\n\t<meta name=\"twitter:data1\" content=\"admin\" \/>\n\t<meta name=\"twitter:label2\" content=\"Estimated reading time\" \/>\n\t<meta name=\"twitter:data2\" content=\"8 minutes\" \/>\n<script type=\"application\/ld+json\" class=\"yoast-schema-graph\">{\"@context\":\"https:\\\/\\\/schema.org\",\"@graph\":[{\"@type\":\"Article\",\"@id\":\"https:\\\/\\\/berloni.com\\\/rivista\\\/la-cucina-con-isola-tutto-quello-che-devi-sapere\\\/#article\",\"isPartOf\":{\"@id\":\"https:\\\/\\\/berloni.com\\\/rivista\\\/la-cucina-con-isola-tutto-quello-che-devi-sapere\\\/\"},\"author\":{\"name\":\"admin\",\"@id\":\"https:\\\/\\\/berloni.com\\\/#\\\/schema\\\/person\\\/234573bc1ba34f8efdae0d8637c6ca57\"},\"headline\":\"La cucina con isola: tutto quello che devi sapere\",\"datePublished\":\"2025-07-04T15:37:20+00:00\",\"dateModified\":\"2025-07-18T15:08:30+00:00\",\"mainEntityOfPage\":{\"@id\":\"https:\\\/\\\/berloni.com\\\/rivista\\\/la-cucina-con-isola-tutto-quello-che-devi-sapere\\\/\"},\"wordCount\":1309,\"publisher\":{\"@id\":\"https:\\\/\\\/berloni.com\\\/#organization\"},\"image\":{\"@id\":\"https:\\\/\\\/berloni.com\\\/rivista\\\/la-cucina-con-isola-tutto-quello-che-devi-sapere\\\/#primaryimage\"},\"thumbnailUrl\":\"https:\\\/\\\/berloni.com\\\/wp-content\\\/uploads\\\/2025\\\/01\\\/1105_Duse_02_03_12-42-0.jpg\",\"keywords\":[\"Architettura\",\"Arredi di Lusso\",\"Cucina con Isola\",\"Isola\",\"Made in Italy\",\"Progettazione\"],\"articleSection\":[\"Arredamento casa\",\"Design\",\"Ispirazioni\",\"Moderno\"],\"inLanguage\":\"en-GB\"},{\"@type\":\"WebPage\",\"@id\":\"https:\\\/\\\/berloni.com\\\/rivista\\\/la-cucina-con-isola-tutto-quello-che-devi-sapere\\\/\",\"url\":\"https:\\\/\\\/berloni.com\\\/rivista\\\/la-cucina-con-isola-tutto-quello-che-devi-sapere\\\/\",\"name\":\"La cucina con isola: tutto quello che devi sapere - Berloni\",\"isPartOf\":{\"@id\":\"https:\\\/\\\/berloni.com\\\/#website\"},\"primaryImageOfPage\":{\"@id\":\"https:\\\/\\\/berloni.com\\\/rivista\\\/la-cucina-con-isola-tutto-quello-che-devi-sapere\\\/#primaryimage\"},\"image\":{\"@id\":\"https:\\\/\\\/berloni.com\\\/rivista\\\/la-cucina-con-isola-tutto-quello-che-devi-sapere\\\/#primaryimage\"},\"thumbnailUrl\":\"https:\\\/\\\/berloni.com\\\/wp-content\\\/uploads\\\/2025\\\/01\\\/1105_Duse_02_03_12-42-0.jpg\",\"datePublished\":\"2025-07-04T15:37:20+00:00\",\"dateModified\":\"2025-07-18T15:08:30+00:00\",\"description\":\"Cucina con isola Berloni: design, funzionalit\u00e0 e socialit\u00e0 in un unico spazio. Prenota la tua consulenza con un designer Berloni.\",\"breadcrumb\":{\"@id\":\"https:\\\/\\\/berloni.com\\\/rivista\\\/la-cucina-con-isola-tutto-quello-che-devi-sapere\\\/#breadcrumb\"},\"inLanguage\":\"en-GB\",\"potentialAction\":[{\"@type\":\"ReadAction\",\"target\":[\"https:\\\/\\\/berloni.com\\\/rivista\\\/la-cucina-con-isola-tutto-quello-che-devi-sapere\\\/\"]}]},{\"@type\":\"ImageObject\",\"inLanguage\":\"en-GB\",\"@id\":\"https:\\\/\\\/berloni.com\\\/rivista\\\/la-cucina-con-isola-tutto-quello-che-devi-sapere\\\/#primaryimage\",\"url\":\"https:\\\/\\\/berloni.com\\\/wp-content\\\/uploads\\\/2025\\\/01\\\/1105_Duse_02_03_12-42-0.jpg\",\"contentUrl\":\"https:\\\/\\\/berloni.com\\\/wp-content\\\/uploads\\\/2025\\\/01\\\/1105_Duse_02_03_12-42-0.jpg\",\"width\":2000,\"height\":1414,\"caption\":\"Cucina Duse 01\"},{\"@type\":\"BreadcrumbList\",\"@id\":\"https:\\\/\\\/berloni.com\\\/rivista\\\/la-cucina-con-isola-tutto-quello-che-devi-sapere\\\/#breadcrumb\",\"itemListElement\":[{\"@type\":\"ListItem\",\"position\":1,\"name\":\"Home\",\"item\":\"https:\\\/\\\/berloni.com\\\/\"},{\"@type\":\"ListItem\",\"position\":2,\"name\":\"La cucina con isola: tutto quello che devi sapere\"}]},{\"@type\":\"WebSite\",\"@id\":\"https:\\\/\\\/berloni.com\\\/#website\",\"url\":\"https:\\\/\\\/berloni.com\\\/\",\"name\":\"Berloni\",\"description\":\"\",\"publisher\":{\"@id\":\"https:\\\/\\\/berloni.com\\\/#organization\"},\"potentialAction\":[{\"@type\":\"SearchAction\",\"target\":{\"@type\":\"EntryPoint\",\"urlTemplate\":\"https:\\\/\\\/berloni.com\\\/?s={search_term_string}\"},\"query-input\":{\"@type\":\"PropertyValueSpecification\",\"valueRequired\":true,\"valueName\":\"search_term_string\"}}],\"inLanguage\":\"en-GB\"},{\"@type\":\"Organization\",\"@id\":\"https:\\\/\\\/berloni.com\\\/#organization\",\"name\":\"Berloni\",\"url\":\"https:\\\/\\\/berloni.com\\\/\",\"logo\":{\"@type\":\"ImageObject\",\"inLanguage\":\"en-GB\",\"@id\":\"https:\\\/\\\/berloni.com\\\/#\\\/schema\\\/logo\\\/image\\\/\",\"url\":\"https:\\\/\\\/berloni.com\\\/wp-content\\\/uploads\\\/2025\\\/01\\\/Favicon_Berloni.png\",\"contentUrl\":\"https:\\\/\\\/berloni.com\\\/wp-content\\\/uploads\\\/2025\\\/01\\\/Favicon_Berloni.png\",\"width\":513,\"height\":513,\"caption\":\"Berloni\"},\"image\":{\"@id\":\"https:\\\/\\\/berloni.com\\\/#\\\/schema\\\/logo\\\/image\\\/\"},\"sameAs\":[\"https:\\\/\\\/www.facebook.com\\\/CucineBerloni\\\/\",\"https:\\\/\\\/www.instagram.com\\\/cucineberloni\\\/\",\"https:\\\/\\\/it.pinterest.com\\\/berloni\\\/\",\"https:\\\/\\\/www.linkedin.com\\\/company\\\/berloni\\\/\"]},{\"@type\":\"Person\",\"@id\":\"https:\\\/\\\/berloni.com\\\/#\\\/schema\\\/person\\\/234573bc1ba34f8efdae0d8637c6ca57\",\"name\":\"admin\",\"image\":{\"@type\":\"ImageObject\",\"inLanguage\":\"en-GB\",\"@id\":\"https:\\\/\\\/secure.gravatar.com\\\/avatar\\\/3ae2cbd0daf127e36f2bcf8f07112ff400cef749a9d8e7b9c577c4a387336874?s=96&d=mm&r=g\",\"url\":\"https:\\\/\\\/secure.gravatar.com\\\/avatar\\\/3ae2cbd0daf127e36f2bcf8f07112ff400cef749a9d8e7b9c577c4a387336874?s=96&d=mm&r=g\",\"contentUrl\":\"https:\\\/\\\/secure.gravatar.com\\\/avatar\\\/3ae2cbd0daf127e36f2bcf8f07112ff400cef749a9d8e7b9c577c4a387336874?s=96&d=mm&r=g\",\"caption\":\"admin\"},\"sameAs\":[\"https:\\\/\\\/berloni.com\"],\"url\":\"https:\\\/\\\/berloni.com\\\/en\\\/rivista\\\/author\\\/admin\\\/\"}]}<\/script>\n<!-- \/ Yoast SEO plugin. -->","yoast_head_json":{"title":"The island kitchen: everything you need to know - Berloni","description":"Berloni island kitchen: design, function, and sociality in one space. Book your consultation with a Berloni designer.","robots":{"index":"index","follow":"follow","max-snippet":"max-snippet:-1","max-image-preview":"max-image-preview:large","max-video-preview":"max-video-preview:-1"},"canonical":"https:\/\/berloni.com\/en\/magazine\/the-island-kitchen-everything-you-need-to-know\/","og_locale":"en_GB","og_type":"article","og_title":"La cucina con isola: tutto quello che devi sapere - Berloni","og_description":"Cucina con isola Berloni: design, funzionalit\u00e0 e socialit\u00e0 in un unico spazio. Prenota la tua consulenza con un designer Berloni.","og_url":"https:\/\/berloni.com\/en\/magazine\/the-island-kitchen-everything-you-need-to-know\/","og_site_name":"Berloni","article_publisher":"https:\/\/www.facebook.com\/CucineBerloni\/","article_published_time":"2025-07-04T15:37:20+00:00","article_modified_time":"2025-07-18T15:08:30+00:00","og_image":[{"width":2000,"height":1414,"url":"https:\/\/berloni.com\/wp-content\/uploads\/2025\/01\/1105_Duse_02_03_12-42-0.jpg","type":"image\/jpeg"}],"author":"admin","twitter_card":"summary_large_image","twitter_misc":{"Written by":"admin","Estimated reading time":"8 minutes"},"schema":{"@context":"https:\/\/schema.org","@graph":[{"@type":"Article","@id":"https:\/\/berloni.com\/rivista\/la-cucina-con-isola-tutto-quello-che-devi-sapere\/#article","isPartOf":{"@id":"https:\/\/berloni.com\/rivista\/la-cucina-con-isola-tutto-quello-che-devi-sapere\/"},"author":{"name":"admin","@id":"https:\/\/berloni.com\/#\/schema\/person\/234573bc1ba34f8efdae0d8637c6ca57"},"headline":"La cucina con isola: tutto quello che devi sapere","datePublished":"2025-07-04T15:37:20+00:00","dateModified":"2025-07-18T15:08:30+00:00","mainEntityOfPage":{"@id":"https:\/\/berloni.com\/rivista\/la-cucina-con-isola-tutto-quello-che-devi-sapere\/"},"wordCount":1309,"publisher":{"@id":"https:\/\/berloni.com\/#organization"},"image":{"@id":"https:\/\/berloni.com\/rivista\/la-cucina-con-isola-tutto-quello-che-devi-sapere\/#primaryimage"},"thumbnailUrl":"https:\/\/berloni.com\/wp-content\/uploads\/2025\/01\/1105_Duse_02_03_12-42-0.jpg","keywords":["Architettura","Arredi di Lusso","Cucina con Isola","Isola","Made in Italy","Progettazione"],"articleSection":["Arredamento casa","Design","Ispirazioni","Moderno"],"inLanguage":"en-GB"},{"@type":"WebPage","@id":"https:\/\/berloni.com\/rivista\/la-cucina-con-isola-tutto-quello-che-devi-sapere\/","url":"https:\/\/berloni.com\/rivista\/la-cucina-con-isola-tutto-quello-che-devi-sapere\/","name":"The island kitchen: everything you need to know - Berloni","isPartOf":{"@id":"https:\/\/berloni.com\/#website"},"primaryImageOfPage":{"@id":"https:\/\/berloni.com\/rivista\/la-cucina-con-isola-tutto-quello-che-devi-sapere\/#primaryimage"},"image":{"@id":"https:\/\/berloni.com\/rivista\/la-cucina-con-isola-tutto-quello-che-devi-sapere\/#primaryimage"},"thumbnailUrl":"https:\/\/berloni.com\/wp-content\/uploads\/2025\/01\/1105_Duse_02_03_12-42-0.jpg","datePublished":"2025-07-04T15:37:20+00:00","dateModified":"2025-07-18T15:08:30+00:00","description":"Berloni island kitchen: design, function, and sociality in one space. Book your consultation with a Berloni designer.","breadcrumb":{"@id":"https:\/\/berloni.com\/rivista\/la-cucina-con-isola-tutto-quello-che-devi-sapere\/#breadcrumb"},"inLanguage":"en-GB","potentialAction":[{"@type":"ReadAction","target":["https:\/\/berloni.com\/rivista\/la-cucina-con-isola-tutto-quello-che-devi-sapere\/"]}]},{"@type":"ImageObject","inLanguage":"en-GB","@id":"https:\/\/berloni.com\/rivista\/la-cucina-con-isola-tutto-quello-che-devi-sapere\/#primaryimage","url":"https:\/\/berloni.com\/wp-content\/uploads\/2025\/01\/1105_Duse_02_03_12-42-0.jpg","contentUrl":"https:\/\/berloni.com\/wp-content\/uploads\/2025\/01\/1105_Duse_02_03_12-42-0.jpg","width":2000,"height":1414,"caption":"Cucina Duse 01"},{"@type":"BreadcrumbList","@id":"https:\/\/berloni.com\/rivista\/la-cucina-con-isola-tutto-quello-che-devi-sapere\/#breadcrumb","itemListElement":[{"@type":"ListItem","position":1,"name":"Home","item":"https:\/\/berloni.com\/"},{"@type":"ListItem","position":2,"name":"La cucina con isola: tutto quello che devi sapere"}]},{"@type":"WebSite","@id":"https:\/\/berloni.com\/#website","url":"https:\/\/berloni.com\/","name":"Berloni","description":"","publisher":{"@id":"https:\/\/berloni.com\/#organization"},"potentialAction":[{"@type":"SearchAction","target":{"@type":"EntryPoint","urlTemplate":"https:\/\/berloni.com\/?s={search_term_string}"},"query-input":{"@type":"PropertyValueSpecification","valueRequired":true,"valueName":"search_term_string"}}],"inLanguage":"en-GB"},{"@type":"Organization","@id":"https:\/\/berloni.com\/#organization","name":"Berloni","url":"https:\/\/berloni.com\/","logo":{"@type":"ImageObject","inLanguage":"en-GB","@id":"https:\/\/berloni.com\/#\/schema\/logo\/image\/","url":"https:\/\/berloni.com\/wp-content\/uploads\/2025\/01\/Favicon_Berloni.png","contentUrl":"https:\/\/berloni.com\/wp-content\/uploads\/2025\/01\/Favicon_Berloni.png","width":513,"height":513,"caption":"Berloni"},"image":{"@id":"https:\/\/berloni.com\/#\/schema\/logo\/image\/"},"sameAs":["https:\/\/www.facebook.com\/CucineBerloni\/","https:\/\/www.instagram.com\/cucineberloni\/","https:\/\/it.pinterest.com\/berloni\/","https:\/\/www.linkedin.com\/company\/berloni\/"]},{"@type":"Person","@id":"https:\/\/berloni.com\/#\/schema\/person\/234573bc1ba34f8efdae0d8637c6ca57","name":"admin","image":{"@type":"ImageObject","inLanguage":"en-GB","@id":"https:\/\/secure.gravatar.com\/avatar\/3ae2cbd0daf127e36f2bcf8f07112ff400cef749a9d8e7b9c577c4a387336874?s=96&d=mm&r=g","url":"https:\/\/secure.gravatar.com\/avatar\/3ae2cbd0daf127e36f2bcf8f07112ff400cef749a9d8e7b9c577c4a387336874?s=96&d=mm&r=g","contentUrl":"https:\/\/secure.gravatar.com\/avatar\/3ae2cbd0daf127e36f2bcf8f07112ff400cef749a9d8e7b9c577c4a387336874?s=96&d=mm&r=g","caption":"admin"},"sameAs":["https:\/\/berloni.com"],"url":"https:\/\/berloni.com\/en\/rivista\/author\/admin\/"}]}},"_links":{"self":[{"href":"https:\/\/berloni.com\/en\/wp-json\/wp\/v2\/posts\/14987","targetHints":{"allow":["GET"]}}],"collection":[{"href":"https:\/\/berloni.com\/en\/wp-json\/wp\/v2\/posts"}],"about":[{"href":"https:\/\/berloni.com\/en\/wp-json\/wp\/v2\/types\/post"}],"author":[{"embeddable":true,"href":"https:\/\/berloni.com\/en\/wp-json\/wp\/v2\/users\/1"}],"replies":[{"embeddable":true,"href":"https:\/\/berloni.com\/en\/wp-json\/wp\/v2\/comments?post=14987"}],"version-history":[{"count":13,"href":"https:\/\/berloni.com\/en\/wp-json\/wp\/v2\/posts\/14987\/revisions"}],"predecessor-version":[{"id":15236,"href":"https:\/\/berloni.com\/en\/wp-json\/wp\/v2\/posts\/14987\/revisions\/15236"}],"wp:featuredmedia":[{"embeddable":true,"href":"https:\/\/berloni.com\/en\/wp-json\/wp\/v2\/media\/9510"}],"wp:attachment":[{"href":"https:\/\/berloni.com\/en\/wp-json\/wp\/v2\/media?parent=14987"}],"wp:term":[{"taxonomy":"category","embeddable":true,"href":"https:\/\/berloni.com\/en\/wp-json\/wp\/v2\/categories?post=14987"},{"taxonomy":"post_tag","embeddable":true,"href":"https:\/\/berloni.com\/en\/wp-json\/wp\/v2\/tags?post=14987"}],"curies":[{"name":"wp","href":"https:\/\/api.w.org\/{rel}","templated":true}]}}