{"id":14874,"date":"2025-06-24T13:14:28","date_gmt":"2025-06-24T12:14:28","guid":{"rendered":"https:\/\/berloni.com\/?p=14874"},"modified":"2025-07-07T17:01:21","modified_gmt":"2025-07-07T16:01:21","slug":"designing-a-linear-kitchen-without-a-refrigerator","status":"publish","type":"post","link":"https:\/\/berloni.com\/en\/rivista\/progettare-una-cucina-lineare-senza-frigorifero\/","title":{"rendered":"Designing a linear kitchen without a refrigerator"},"content":{"rendered":"\t\t<div data-elementor-type=\"wp-post\" data-elementor-id=\"14874\" class=\"elementor elementor-14874\" data-elementor-post-type=\"post\">\n\t\t\t\t\t\t<section class=\"elementor-section elementor-top-section elementor-element elementor-element-10e0bbd elementor-section-full_width elementor-section-height-default elementor-section-height-default\" data-id=\"10e0bbd\" data-element_type=\"section\" data-e-type=\"section\">\n\t\t\t\t\t\t<div class=\"elementor-container elementor-column-gap-default\">\n\t\t\t\t\t<div class=\"elementor-column elementor-col-100 elementor-top-column elementor-element elementor-element-e34b795\" data-id=\"e34b795\" data-element_type=\"column\" data-e-type=\"column\">\n\t\t\t<div class=\"elementor-widget-wrap elementor-element-populated\">\n\t\t\t\t\t\t<div class=\"elementor-element elementor-element-666f689 elementor-widget elementor-widget-text-editor\" data-id=\"666f689\" data-element_type=\"widget\" data-e-type=\"widget\" data-widget_type=\"text-editor.default\">\n\t\t\t\t<div class=\"elementor-widget-container\">\n\t\t\t\t\t\t\t\t\t<p>Nel corso degli anni, la cucina ha smesso di essere solo uno spazio operativo per diventare un ambiente di relazione, identit\u00e0 e stile. La cucina moderna \u00e8 oggi un progetto d\u2019arredo completo, capace di esprimere esigenze pratiche e scelte stilistiche con equilibrio e precisione.<\/p><p>In questo contesto si inserisce una configurazione sempre pi\u00f9 apprezzata: la cucina lineare senza frigorifero integrato, ovvero con frigorifero collocato altrove, fuori dal layout principale. Non una mancanza, ma una scelta progettuale che parla di libert\u00e0, ordine e visione.<\/p><p>La possibilit\u00e0 di separare il frigorifero dalla composizione principale apre possibilit\u00e0 inedite, permettendo di ripensare gli spazi con maggiore libert\u00e0 creativa ed esaltando ulteriormente l\u2019aspetto della cucina. Tale approccio si adatta perfettamente alle esigenze contemporanee, dove personalizzazione e flessibilit\u00e0 sono elementi centrali.<\/p>\t\t\t\t\t\t\t\t<\/div>\n\t\t\t\t<\/div>\n\t\t\t\t\t<\/div>\n\t\t<\/div>\n\t\t\t\t\t<\/div>\n\t\t<\/section>\n\t\t\t\t<section class=\"elementor-section elementor-top-section elementor-element elementor-element-87a9308 elementor-section-full_width elementor-section-height-default elementor-section-height-default\" data-id=\"87a9308\" data-element_type=\"section\" data-e-type=\"section\">\n\t\t\t\t\t\t<div class=\"elementor-container elementor-column-gap-default\">\n\t\t\t\t\t<div class=\"elementor-column elementor-col-100 elementor-top-column elementor-element elementor-element-5e99bcb\" data-id=\"5e99bcb\" data-element_type=\"column\" data-e-type=\"column\">\n\t\t\t<div class=\"elementor-widget-wrap elementor-element-populated\">\n\t\t\t\t\t\t<div class=\"elementor-element elementor-element-64aee60 elementor-widget elementor-widget-table-of-contents\" data-id=\"64aee60\" data-element_type=\"widget\" data-e-type=\"widget\" data-settings=\"{&quot;exclude_headings_by_selector&quot;:[],&quot;headings_by_tags&quot;:[&quot;h2&quot;,&quot;h3&quot;,&quot;h4&quot;,&quot;h5&quot;,&quot;h6&quot;],&quot;marker_view&quot;:&quot;numbers&quot;,&quot;hierarchical_view&quot;:&quot;yes&quot;,&quot;min_height&quot;:{&quot;unit&quot;:&quot;px&quot;,&quot;size&quot;:&quot;&quot;,&quot;sizes&quot;:[]},&quot;min_height_laptop&quot;:{&quot;unit&quot;:&quot;px&quot;,&quot;size&quot;:&quot;&quot;,&quot;sizes&quot;:[]},&quot;min_height_tablet_extra&quot;:{&quot;unit&quot;:&quot;px&quot;,&quot;size&quot;:&quot;&quot;,&quot;sizes&quot;:[]},&quot;min_height_tablet&quot;:{&quot;unit&quot;:&quot;px&quot;,&quot;size&quot;:&quot;&quot;,&quot;sizes&quot;:[]},&quot;min_height_mobile_extra&quot;:{&quot;unit&quot;:&quot;px&quot;,&quot;size&quot;:&quot;&quot;,&quot;sizes&quot;:[]},&quot;min_height_mobile&quot;:{&quot;unit&quot;:&quot;px&quot;,&quot;size&quot;:&quot;&quot;,&quot;sizes&quot;:[]}}\" data-widget_type=\"table-of-contents.default\">\n\t\t\t\t<div class=\"elementor-widget-container\">\n\t\t\t\t\t\t\t\t\t<div class=\"elementor-toc__header\">\n\t\t\t\t\t\t<h4 class=\"elementor-toc__header-title\">\n\t\t\t\tIndice\t\t\t<\/h4>\n\t\t\t\t\t\t\t\t<\/div>\n\t\t\t\t<div id=\"elementor-toc__64aee60\" class=\"elementor-toc__body\">\n\t\t\t<div class=\"elementor-toc__spinner-container\">\n\t\t\t\t<svg class=\"elementor-toc__spinner eicon-animation-spin e-font-icon-svg e-eicon-loading\" aria-hidden=\"true\" viewBox=\"0 0 1000 1000\" xmlns=\"http:\/\/www.w3.org\/2000\/svg\"><path d=\"M500 975V858C696 858 858 696 858 500S696 142 500 142 142 304 142 500H25C25 237 238 25 500 25S975 237 975 500 763 975 500 975Z\"><\/path><\/svg>\t\t\t<\/div>\n\t\t<\/div>\n\t\t\t\t\t\t<\/div>\n\t\t\t\t<\/div>\n\t\t\t\t\t<\/div>\n\t\t<\/div>\n\t\t\t\t\t<\/div>\n\t\t<\/section>\n\t\t\t\t<section class=\"elementor-section elementor-top-section elementor-element elementor-element-4e88d91 elementor-section-full_width elementor-section-height-default elementor-section-height-default\" data-id=\"4e88d91\" data-element_type=\"section\" data-e-type=\"section\">\n\t\t\t\t\t\t<div class=\"elementor-container elementor-column-gap-default\">\n\t\t\t\t\t<div class=\"elementor-column elementor-col-100 elementor-top-column elementor-element elementor-element-43fd7ea\" data-id=\"43fd7ea\" data-element_type=\"column\" data-e-type=\"column\">\n\t\t\t<div class=\"elementor-widget-wrap elementor-element-populated\">\n\t\t\t\t\t\t<div class=\"elementor-element elementor-element-28f8e3a elementor-widget elementor-widget-spacer\" data-id=\"28f8e3a\" data-element_type=\"widget\" data-e-type=\"widget\" data-widget_type=\"spacer.default\">\n\t\t\t\t<div class=\"elementor-widget-container\">\n\t\t\t\t\t\t\t<div class=\"elementor-spacer\">\n\t\t\t<div class=\"elementor-spacer-inner\"><\/div>\n\t\t<\/div>\n\t\t\t\t\t\t<\/div>\n\t\t\t\t<\/div>\n\t\t\t\t<div class=\"elementor-element elementor-element-9e68767 elementor-widget elementor-widget-heading\" data-id=\"9e68767\" data-element_type=\"widget\" data-e-type=\"widget\" data-widget_type=\"heading.default\">\n\t\t\t\t<div class=\"elementor-widget-container\">\n\t\t\t\t\t<h2 class=\"elementor-heading-title elementor-size-default\">Cos\u2019\u00e8 una cucina lineare senza frigorifero?<\/h2>\t\t\t\t<\/div>\n\t\t\t\t<\/div>\n\t\t\t\t\t<\/div>\n\t\t<\/div>\n\t\t\t\t\t<\/div>\n\t\t<\/section>\n\t\t\t\t<section class=\"elementor-section elementor-top-section elementor-element elementor-element-3e16e0d elementor-section-full_width elementor-section-height-default elementor-section-height-default\" data-id=\"3e16e0d\" data-element_type=\"section\" data-e-type=\"section\">\n\t\t\t\t\t\t<div class=\"elementor-container elementor-column-gap-default\">\n\t\t\t\t\t<div class=\"elementor-column elementor-col-100 elementor-top-column elementor-element elementor-element-1bd451f\" data-id=\"1bd451f\" data-element_type=\"column\" data-e-type=\"column\">\n\t\t\t<div class=\"elementor-widget-wrap elementor-element-populated\">\n\t\t\t\t\t\t<div class=\"elementor-element elementor-element-ce4ea15 elementor-widget elementor-widget-text-editor\" data-id=\"ce4ea15\" data-element_type=\"widget\" data-e-type=\"widget\" data-widget_type=\"text-editor.default\">\n\t\t\t\t<div class=\"elementor-widget-container\">\n\t\t\t\t\t\t\t\t\t<p>La cucina lineare \u00e8 un modello disposto su un\u2019unica parete, dove le funzioni principali, come lavaggio, cottura e contenimento, si susseguono in modo razionale ed ergonomico. \u00c8 una scelta progettuale precisa, che valorizza gli spazi essenziali e garantisce praticit\u00e0 nell&#8217;utilizzo quotidiano.<\/p><p>Optare per una versione senza frigorifero integrato significa lasciare volutamente fuori uno degli elettrodomestici pi\u00f9 voluminosi, per ridefinire lo spazio disponibile. Tale configurazione risulta particolarmente utile in ambienti come open space, dove si vuole preservare la continuit\u00e0 visiva senza interruzioni eccessive.<\/p><p>Questa soluzione \u00e8 ideale anche in ambienti compatti, dove ogni centimetro risparmiato si traduce in maggiore libert\u00e0 di movimento. Inoltre, risulta perfetta nelle abitazioni dotate di zone dispensa o pareti secondarie che possono ospitare il frigorifero in maniera discreta ed efficiente.<\/p>\t\t\t\t\t\t\t\t<\/div>\n\t\t\t\t<\/div>\n\t\t\t\t\t<\/div>\n\t\t<\/div>\n\t\t\t\t\t<\/div>\n\t\t<\/section>\n\t\t\t\t<section class=\"elementor-section elementor-top-section elementor-element elementor-element-4577894 elementor-section-full_width elementor-section-height-default elementor-section-height-default\" data-id=\"4577894\" data-element_type=\"section\" data-e-type=\"section\">\n\t\t\t\t\t\t<div class=\"elementor-container elementor-column-gap-default\">\n\t\t\t\t\t<div class=\"elementor-column elementor-col-100 elementor-top-column elementor-element elementor-element-c8c1074\" data-id=\"c8c1074\" data-element_type=\"column\" data-e-type=\"column\">\n\t\t\t<div class=\"elementor-widget-wrap elementor-element-populated\">\n\t\t\t\t\t\t<div class=\"elementor-element elementor-element-cd2c6d3 elementor-widget elementor-widget-spacer\" data-id=\"cd2c6d3\" data-element_type=\"widget\" data-e-type=\"widget\" data-widget_type=\"spacer.default\">\n\t\t\t\t<div class=\"elementor-widget-container\">\n\t\t\t\t\t\t\t<div class=\"elementor-spacer\">\n\t\t\t<div class=\"elementor-spacer-inner\"><\/div>\n\t\t<\/div>\n\t\t\t\t\t\t<\/div>\n\t\t\t\t<\/div>\n\t\t\t\t<div class=\"elementor-element elementor-element-c548aa6 elementor-widget elementor-widget-heading\" data-id=\"c548aa6\" data-element_type=\"widget\" data-e-type=\"widget\" data-widget_type=\"heading.default\">\n\t\t\t\t<div class=\"elementor-widget-container\">\n\t\t\t\t\t<h2 class=\"elementor-heading-title elementor-size-default\">Estetica e praticit\u00e0<\/h2>\t\t\t\t<\/div>\n\t\t\t\t<\/div>\n\t\t\t\t\t<\/div>\n\t\t<\/div>\n\t\t\t\t\t<\/div>\n\t\t<\/section>\n\t\t\t\t<section class=\"elementor-section elementor-top-section elementor-element elementor-element-78711ac elementor-section-full_width elementor-section-height-default elementor-section-height-default\" data-id=\"78711ac\" data-element_type=\"section\" data-e-type=\"section\">\n\t\t\t\t\t\t<div class=\"elementor-container elementor-column-gap-default\">\n\t\t\t\t\t<div class=\"elementor-column elementor-col-100 elementor-top-column elementor-element elementor-element-028bab1\" data-id=\"028bab1\" data-element_type=\"column\" data-e-type=\"column\">\n\t\t\t<div class=\"elementor-widget-wrap elementor-element-populated\">\n\t\t\t\t\t\t<div class=\"elementor-element elementor-element-beb76d8 elementor-widget elementor-widget-text-editor\" data-id=\"beb76d8\" data-element_type=\"widget\" data-e-type=\"widget\" data-widget_type=\"text-editor.default\">\n\t\t\t\t<div class=\"elementor-widget-container\">\n\t\t\t\t\t\t\t\t\t<p>L&#8217;assenza del frigorifero dalla composizione principale consente di ottenere una linea continua e armoniosa, priva di interruzioni volumetriche. I pensili possono essere ridotti al minimo o eliminati completamente, trasformando la cucina in un elemento particolarmente scenico.<\/p><p>Questa disposizione contribuisce a creare un design visivamente coerente, che pu\u00f2 apparire come una vera e propria opera d&#8217;arte murale, particolarmente suggestiva in ambienti open space. Inoltre, senza l\u2019ingombro verticale del frigorifero, aumenta lo spazio utile per il contenimento e si amplia notevolmente la superficie disponibile per il piano di lavoro.<\/p><p>Infine, offre la massima adattabilit\u00e0 a soluzioni architettoniche particolari, consentendo di valorizzare nicchie, colonne o pareti secondarie. Ogni elemento dell\u2019ambiente pu\u00f2 essere ottimizzato per esprimere al meglio il valore estetico e funzionale della casa.<\/p>\t\t\t\t\t\t\t\t<\/div>\n\t\t\t\t<\/div>\n\t\t\t\t\t<\/div>\n\t\t<\/div>\n\t\t\t\t\t<\/div>\n\t\t<\/section>\n\t\t<div class=\"elementor-element elementor-element-b26724e e-con-full e-flex e-con e-parent\" data-id=\"b26724e\" data-element_type=\"container\" data-e-type=\"container\">\n\t\t\t\t<div class=\"elementor-element elementor-element-0f18094 elementor-widget elementor-widget-spacer\" data-id=\"0f18094\" data-element_type=\"widget\" data-e-type=\"widget\" data-widget_type=\"spacer.default\">\n\t\t\t\t<div class=\"elementor-widget-container\">\n\t\t\t\t\t\t\t<div class=\"elementor-spacer\">\n\t\t\t<div class=\"elementor-spacer-inner\"><\/div>\n\t\t<\/div>\n\t\t\t\t\t\t<\/div>\n\t\t\t\t<\/div>\n\t\t\t\t<div class=\"elementor-element elementor-element-4a1899c elementor-widget elementor-widget-heading\" data-id=\"4a1899c\" data-element_type=\"widget\" data-e-type=\"widget\" data-widget_type=\"heading.default\">\n\t\t\t\t<div class=\"elementor-widget-container\">\n\t\t\t\t\t<h2 class=\"elementor-heading-title elementor-size-default\">Dove collocare il frigorifero<\/h2>\t\t\t\t<\/div>\n\t\t\t\t<\/div>\n\t\t\t\t<div class=\"elementor-element elementor-element-d4ae0fb elementor-widget elementor-widget-text-editor\" data-id=\"d4ae0fb\" data-element_type=\"widget\" data-e-type=\"widget\" data-widget_type=\"text-editor.default\">\n\t\t\t\t<div class=\"elementor-widget-container\">\n\t\t\t\t\t\t\t\t\t<p>La libert\u00e0 di escludere il frigorifero dal blocco cucina principale apre infinite possibilit\u00e0 progettuali, eleganti e funzionali. Una opzione consiste nell&#8217;inserire il frigorifero all&#8217;interno di una colonna dedicata, posizionata in un&#8217;area adiacente alla cucina. Questa configurazione pu\u00f2 evolversi in una vera e propria zona dispensa, dove conservazione degli alimenti e organizzazione della provvista trovano spazio in un ambiente specificamente progettato per tale funzione.<\/p><p>Un altro scenario prevede il posizionamento del frigorifero in una parete perpendicolare o retrostante alla composizione principale. Questa soluzione permette di definire una zona operativa distaccata, ma comunque comoda e facilmente accessibile durante le attivit\u00e0 quotidiane. Risulta particolarmente efficace negli ambienti a L o a U, dove la separazione degli elementi non compromette l\u2019usabilit\u00e0, ma anzi, crea percorsi pi\u00f9 fluidi e una migliore organizzazione del lavoro.<\/p><p>Alternativamente, si pu\u00f2 optare per frigoriferi free-standing dal design distintivo, che diventano veri e propri oggetti di arredo autonomi, o frigoriferi a incasso, da inserire all\u2019interno di pareti attrezzate separate e perfetti per ambienti articolati o con planimetrie complesse.<\/p>\t\t\t\t\t\t\t\t<\/div>\n\t\t\t\t<\/div>\n\t\t\t\t<\/div>\n\t\t<div class=\"elementor-element elementor-element-5d3a8af e-con-full e-flex e-con e-parent\" data-id=\"5d3a8af\" data-element_type=\"container\" data-e-type=\"container\">\n\t\t\t\t<div class=\"elementor-element elementor-element-5c0779d elementor-widget elementor-widget-spacer\" data-id=\"5c0779d\" data-element_type=\"widget\" data-e-type=\"widget\" data-widget_type=\"spacer.default\">\n\t\t\t\t<div class=\"elementor-widget-container\">\n\t\t\t\t\t\t\t<div class=\"elementor-spacer\">\n\t\t\t<div class=\"elementor-spacer-inner\"><\/div>\n\t\t<\/div>\n\t\t\t\t\t\t<\/div>\n\t\t\t\t<\/div>\n\t\t\t\t<div class=\"elementor-element elementor-element-1974e96 elementor-widget elementor-widget-heading\" data-id=\"1974e96\" data-element_type=\"widget\" data-e-type=\"widget\" data-widget_type=\"heading.default\">\n\t\t\t\t<div class=\"elementor-widget-container\">\n\t\t\t\t\t<h2 class=\"elementor-heading-title elementor-size-default\">La libert\u00e0 di personalizzare<\/h2>\t\t\t\t<\/div>\n\t\t\t\t<\/div>\n\t\t\t\t<div class=\"elementor-element elementor-element-94c6b54 elementor-widget elementor-widget-text-editor\" data-id=\"94c6b54\" data-element_type=\"widget\" data-e-type=\"widget\" data-widget_type=\"text-editor.default\">\n\t\t\t\t<div class=\"elementor-widget-container\">\n\t\t\t\t\t\t\t\t\t<p>Ogni cucina lineare senza frigo integrato pu\u00f2 essere progettata su misura, tenendo conto delle abitudini quotidiane, delle proporzioni architettoniche e dell\u2019estetica desiderata.<\/p><p>Le possibilit\u00e0 di personalizzazione sono pressoch\u00e9 infinite: dalle cucine lineari arricchite da colonne laterali, ideali per ambienti open space, fino alle composizioni minimaliste abbinate a dispense separate, per chi cerca il massimo dell\u2019essenzialit\u00e0. Le combinazioni di materiali e finiture permettono di creare ambienti cucina che esprimono perfettamente la personalit\u00e0 di chi li abita.<\/p>\t\t\t\t\t\t\t\t<\/div>\n\t\t\t\t<\/div>\n\t\t\t\t<\/div>\n\t\t<div class=\"elementor-element elementor-element-4cdf42e e-con-full e-flex e-con e-parent\" data-id=\"4cdf42e\" data-element_type=\"container\" data-e-type=\"container\">\n\t\t\t\t<div class=\"elementor-element elementor-element-46aa656 elementor-widget elementor-widget-spacer\" data-id=\"46aa656\" data-element_type=\"widget\" data-e-type=\"widget\" data-widget_type=\"spacer.default\">\n\t\t\t\t<div class=\"elementor-widget-container\">\n\t\t\t\t\t\t\t<div class=\"elementor-spacer\">\n\t\t\t<div class=\"elementor-spacer-inner\"><\/div>\n\t\t<\/div>\n\t\t\t\t\t\t<\/div>\n\t\t\t\t<\/div>\n\t\t\t\t<div class=\"elementor-element elementor-element-5c7456a elementor-widget elementor-widget-heading\" data-id=\"5c7456a\" data-element_type=\"widget\" data-e-type=\"widget\" data-widget_type=\"heading.default\">\n\t\t\t\t<div class=\"elementor-widget-container\">\n\t\t\t\t\t<h2 class=\"elementor-heading-title elementor-size-default\">Conclusione: design come scelta consapevole<\/h2>\t\t\t\t<\/div>\n\t\t\t\t<\/div>\n\t\t\t\t<div class=\"elementor-element elementor-element-d2ba479 elementor-widget elementor-widget-text-editor\" data-id=\"d2ba479\" data-element_type=\"widget\" data-e-type=\"widget\" data-widget_type=\"text-editor.default\">\n\t\t\t\t<div class=\"elementor-widget-container\">\n\t\t\t\t\t\t\t\t\t<p>La decisione di separare il frigorifero dalla composizione principale della cucina rappresenta una scelta progettuale consapevole, capace di alterare la percezione dello spazio domestico. Questa soluzione si rivela ideale per chi apprezza l&#8217;ordine visivo e la pulizia formale, per chi deve adattare la cucina a spazi architettonicamente complessi, o per chi vive l&#8217;open space come dimensione quotidiana di convivialit\u00e0 e di raccolta.<\/p><p>La progettazione su misura diventa cos\u00ec un viaggio di scoperta delle proprie esigenze abitative, dove ogni elemento d\u2019arredo assume un significato preciso e dove la coerenza stilistica diventa un requisito fondamentale.<\/p><p>Berloni accompagna ogni cliente in questo percorso, interpretando esigenze e desideri per tradurli in progetti eleganti e altamente funzionali. Scopri come progettare la tua cucina lineare senza frigorifero nella disposizione centrale prenotando un appuntamento con i nostri designer.<\/p>\t\t\t\t\t\t\t\t<\/div>\n\t\t\t\t<\/div>\n\t\t\t\t<div class=\"elementor-element elementor-element-0181057 elementor-widget elementor-widget-text-editor\" data-id=\"0181057\" data-element_type=\"widget\" data-e-type=\"widget\" data-widget_type=\"text-editor.default\">\n\t\t\t\t<div class=\"elementor-widget-container\">\n\t\t\t\t\t\t\t\t\t<p><span class=\"sottolineato\"><a href=\"https:\/\/berloni.com\/cataloghi-arredamento\/\">Esplora il Catalogo Berloni<\/a><\/span> e scopri come realizzare la tua cucina.<\/p>\t\t\t\t\t\t\t\t<\/div>\n\t\t\t\t<\/div>\n\t\t\t\t<\/div>\n\t\t\t\t<\/div>\n\t\t","protected":false},"excerpt":{"rendered":"<p>The option to separate the refrigerator from the main composition opens new possibilities, allowing for greater creative freedom in rethinking the space.<\/p>","protected":false},"author":1,"featured_media":14875,"comment_status":"closed","ping_status":"closed","sticky":false,"template":"","format":"standard","meta":{"footnotes":""},"categories":[22,20,24,25],"tags":[113,128,130,115,112],"class_list":["post-14874","post","type-post","status-publish","format-standard","has-post-thumbnail","hentry","category-arredamento-casa","category-design","category-ispirazioni","category-moderno","tag-arredi-di-lusso","tag-cucina-lineare","tag-cucina-moderna","tag-made-in-italy","tag-progettazione"],"yoast_head":"<!-- This site is optimized with the Yoast SEO plugin v27.3 - https:\/\/yoast.com\/product\/yoast-seo-wordpress\/ -->\n<title>Progettare una cucina lineare senza frigorifero - Berloni<\/title>\n<meta name=\"description\" content=\"Cucina lineare senza frigorifero integrato: ordine visivo, libert\u00e0 progettuale e design Berloni su misura. Prenota un appuntamento ora.\" \/>\n<meta name=\"robots\" content=\"index, follow, max-snippet:-1, max-image-preview:large, max-video-preview:-1\" \/>\n<link rel=\"canonical\" href=\"https:\/\/berloni.com\/en\/magazine\/designing-a-linear-kitchen-without-a-refrigerator\/\" \/>\n<meta property=\"og:locale\" content=\"en_GB\" \/>\n<meta property=\"og:type\" content=\"article\" \/>\n<meta property=\"og:title\" content=\"Progettare una cucina lineare senza frigorifero - Berloni\" \/>\n<meta property=\"og:description\" content=\"Cucina lineare senza frigorifero integrato: ordine visivo, libert\u00e0 progettuale e design Berloni su misura. Prenota un appuntamento ora.\" \/>\n<meta property=\"og:url\" content=\"https:\/\/berloni.com\/en\/magazine\/designing-a-linear-kitchen-without-a-refrigerator\/\" \/>\n<meta property=\"og:site_name\" content=\"Berloni\" \/>\n<meta property=\"article:publisher\" content=\"https:\/\/www.facebook.com\/CucineBerloni\/\" \/>\n<meta property=\"article:published_time\" content=\"2025-06-24T12:14:28+00:00\" \/>\n<meta property=\"article:modified_time\" content=\"2025-07-07T16:01:21+00:00\" \/>\n<meta property=\"og:image\" content=\"https:\/\/berloni.com\/wp-content\/uploads\/2025\/06\/Cucina_lineare_senza_frigo.jpg\" \/>\n\t<meta property=\"og:image:width\" content=\"1434\" \/>\n\t<meta property=\"og:image:height\" content=\"1014\" \/>\n\t<meta property=\"og:image:type\" content=\"image\/jpeg\" \/>\n<meta name=\"author\" content=\"admin\" \/>\n<meta name=\"twitter:card\" content=\"summary_large_image\" \/>\n<meta name=\"twitter:label1\" content=\"Written by\" \/>\n\t<meta name=\"twitter:data1\" content=\"admin\" \/>\n\t<meta name=\"twitter:label2\" content=\"Estimated reading time\" \/>\n\t<meta name=\"twitter:data2\" content=\"5 minutes\" \/>\n<script type=\"application\/ld+json\" class=\"yoast-schema-graph\">{\"@context\":\"https:\\\/\\\/schema.org\",\"@graph\":[{\"@type\":\"Article\",\"@id\":\"https:\\\/\\\/berloni.com\\\/rivista\\\/progettare-una-cucina-lineare-senza-frigorifero\\\/#article\",\"isPartOf\":{\"@id\":\"https:\\\/\\\/berloni.com\\\/rivista\\\/progettare-una-cucina-lineare-senza-frigorifero\\\/\"},\"author\":{\"name\":\"admin\",\"@id\":\"https:\\\/\\\/berloni.com\\\/#\\\/schema\\\/person\\\/234573bc1ba34f8efdae0d8637c6ca57\"},\"headline\":\"Progettare una cucina lineare senza frigorifero\",\"datePublished\":\"2025-06-24T12:14:28+00:00\",\"dateModified\":\"2025-07-07T16:01:21+00:00\",\"mainEntityOfPage\":{\"@id\":\"https:\\\/\\\/berloni.com\\\/rivista\\\/progettare-una-cucina-lineare-senza-frigorifero\\\/\"},\"wordCount\":797,\"publisher\":{\"@id\":\"https:\\\/\\\/berloni.com\\\/#organization\"},\"image\":{\"@id\":\"https:\\\/\\\/berloni.com\\\/rivista\\\/progettare-una-cucina-lineare-senza-frigorifero\\\/#primaryimage\"},\"thumbnailUrl\":\"https:\\\/\\\/berloni.com\\\/wp-content\\\/uploads\\\/2025\\\/06\\\/Cucina_lineare_senza_frigo.jpg\",\"keywords\":[\"Arredi di Lusso\",\"Cucina Lineare\",\"Cucina Moderna\",\"Made in Italy\",\"Progettazione\"],\"articleSection\":[\"Arredamento casa\",\"Design\",\"Ispirazioni\",\"Moderno\"],\"inLanguage\":\"en-GB\"},{\"@type\":\"WebPage\",\"@id\":\"https:\\\/\\\/berloni.com\\\/rivista\\\/progettare-una-cucina-lineare-senza-frigorifero\\\/\",\"url\":\"https:\\\/\\\/berloni.com\\\/rivista\\\/progettare-una-cucina-lineare-senza-frigorifero\\\/\",\"name\":\"Progettare una cucina lineare senza frigorifero - Berloni\",\"isPartOf\":{\"@id\":\"https:\\\/\\\/berloni.com\\\/#website\"},\"primaryImageOfPage\":{\"@id\":\"https:\\\/\\\/berloni.com\\\/rivista\\\/progettare-una-cucina-lineare-senza-frigorifero\\\/#primaryimage\"},\"image\":{\"@id\":\"https:\\\/\\\/berloni.com\\\/rivista\\\/progettare-una-cucina-lineare-senza-frigorifero\\\/#primaryimage\"},\"thumbnailUrl\":\"https:\\\/\\\/berloni.com\\\/wp-content\\\/uploads\\\/2025\\\/06\\\/Cucina_lineare_senza_frigo.jpg\",\"datePublished\":\"2025-06-24T12:14:28+00:00\",\"dateModified\":\"2025-07-07T16:01:21+00:00\",\"description\":\"Cucina lineare senza frigorifero integrato: ordine visivo, libert\u00e0 progettuale e design Berloni su misura. Prenota un appuntamento ora.\",\"breadcrumb\":{\"@id\":\"https:\\\/\\\/berloni.com\\\/rivista\\\/progettare-una-cucina-lineare-senza-frigorifero\\\/#breadcrumb\"},\"inLanguage\":\"en-GB\",\"potentialAction\":[{\"@type\":\"ReadAction\",\"target\":[\"https:\\\/\\\/berloni.com\\\/rivista\\\/progettare-una-cucina-lineare-senza-frigorifero\\\/\"]}]},{\"@type\":\"ImageObject\",\"inLanguage\":\"en-GB\",\"@id\":\"https:\\\/\\\/berloni.com\\\/rivista\\\/progettare-una-cucina-lineare-senza-frigorifero\\\/#primaryimage\",\"url\":\"https:\\\/\\\/berloni.com\\\/wp-content\\\/uploads\\\/2025\\\/06\\\/Cucina_lineare_senza_frigo.jpg\",\"contentUrl\":\"https:\\\/\\\/berloni.com\\\/wp-content\\\/uploads\\\/2025\\\/06\\\/Cucina_lineare_senza_frigo.jpg\",\"width\":1434,\"height\":1014},{\"@type\":\"BreadcrumbList\",\"@id\":\"https:\\\/\\\/berloni.com\\\/rivista\\\/progettare-una-cucina-lineare-senza-frigorifero\\\/#breadcrumb\",\"itemListElement\":[{\"@type\":\"ListItem\",\"position\":1,\"name\":\"Home\",\"item\":\"https:\\\/\\\/berloni.com\\\/\"},{\"@type\":\"ListItem\",\"position\":2,\"name\":\"Progettare una cucina lineare senza frigorifero\"}]},{\"@type\":\"WebSite\",\"@id\":\"https:\\\/\\\/berloni.com\\\/#website\",\"url\":\"https:\\\/\\\/berloni.com\\\/\",\"name\":\"Berloni\",\"description\":\"\",\"publisher\":{\"@id\":\"https:\\\/\\\/berloni.com\\\/#organization\"},\"potentialAction\":[{\"@type\":\"SearchAction\",\"target\":{\"@type\":\"EntryPoint\",\"urlTemplate\":\"https:\\\/\\\/berloni.com\\\/?s={search_term_string}\"},\"query-input\":{\"@type\":\"PropertyValueSpecification\",\"valueRequired\":true,\"valueName\":\"search_term_string\"}}],\"inLanguage\":\"en-GB\"},{\"@type\":\"Organization\",\"@id\":\"https:\\\/\\\/berloni.com\\\/#organization\",\"name\":\"Berloni\",\"url\":\"https:\\\/\\\/berloni.com\\\/\",\"logo\":{\"@type\":\"ImageObject\",\"inLanguage\":\"en-GB\",\"@id\":\"https:\\\/\\\/berloni.com\\\/#\\\/schema\\\/logo\\\/image\\\/\",\"url\":\"https:\\\/\\\/berloni.com\\\/wp-content\\\/uploads\\\/2025\\\/01\\\/Favicon_Berloni.png\",\"contentUrl\":\"https:\\\/\\\/berloni.com\\\/wp-content\\\/uploads\\\/2025\\\/01\\\/Favicon_Berloni.png\",\"width\":513,\"height\":513,\"caption\":\"Berloni\"},\"image\":{\"@id\":\"https:\\\/\\\/berloni.com\\\/#\\\/schema\\\/logo\\\/image\\\/\"},\"sameAs\":[\"https:\\\/\\\/www.facebook.com\\\/CucineBerloni\\\/\",\"https:\\\/\\\/www.instagram.com\\\/cucineberloni\\\/\",\"https:\\\/\\\/it.pinterest.com\\\/berloni\\\/\",\"https:\\\/\\\/www.linkedin.com\\\/company\\\/berloni\\\/\"]},{\"@type\":\"Person\",\"@id\":\"https:\\\/\\\/berloni.com\\\/#\\\/schema\\\/person\\\/234573bc1ba34f8efdae0d8637c6ca57\",\"name\":\"admin\",\"image\":{\"@type\":\"ImageObject\",\"inLanguage\":\"en-GB\",\"@id\":\"https:\\\/\\\/secure.gravatar.com\\\/avatar\\\/3ae2cbd0daf127e36f2bcf8f07112ff400cef749a9d8e7b9c577c4a387336874?s=96&d=mm&r=g\",\"url\":\"https:\\\/\\\/secure.gravatar.com\\\/avatar\\\/3ae2cbd0daf127e36f2bcf8f07112ff400cef749a9d8e7b9c577c4a387336874?s=96&d=mm&r=g\",\"contentUrl\":\"https:\\\/\\\/secure.gravatar.com\\\/avatar\\\/3ae2cbd0daf127e36f2bcf8f07112ff400cef749a9d8e7b9c577c4a387336874?s=96&d=mm&r=g\",\"caption\":\"admin\"},\"sameAs\":[\"https:\\\/\\\/berloni.com\"],\"url\":\"https:\\\/\\\/berloni.com\\\/en\\\/rivista\\\/author\\\/admin\\\/\"}]}<\/script>\n<!-- \/ Yoast SEO plugin. -->","yoast_head_json":{"title":"Designing a linear kitchen without a refrigerator - Berloni","description":"Linear kitchen without integrated fridge: visual order, design freedom, and Berloni's bespoke style. Book your appointment now.","robots":{"index":"index","follow":"follow","max-snippet":"max-snippet:-1","max-image-preview":"max-image-preview:large","max-video-preview":"max-video-preview:-1"},"canonical":"https:\/\/berloni.com\/en\/magazine\/designing-a-linear-kitchen-without-a-refrigerator\/","og_locale":"en_GB","og_type":"article","og_title":"Progettare una cucina lineare senza frigorifero - Berloni","og_description":"Cucina lineare senza frigorifero integrato: ordine visivo, libert\u00e0 progettuale e design Berloni su misura. Prenota un appuntamento ora.","og_url":"https:\/\/berloni.com\/en\/magazine\/designing-a-linear-kitchen-without-a-refrigerator\/","og_site_name":"Berloni","article_publisher":"https:\/\/www.facebook.com\/CucineBerloni\/","article_published_time":"2025-06-24T12:14:28+00:00","article_modified_time":"2025-07-07T16:01:21+00:00","og_image":[{"width":1434,"height":1014,"url":"https:\/\/berloni.com\/wp-content\/uploads\/2025\/06\/Cucina_lineare_senza_frigo.jpg","type":"image\/jpeg"}],"author":"admin","twitter_card":"summary_large_image","twitter_misc":{"Written by":"admin","Estimated reading time":"5 minutes"},"schema":{"@context":"https:\/\/schema.org","@graph":[{"@type":"Article","@id":"https:\/\/berloni.com\/rivista\/progettare-una-cucina-lineare-senza-frigorifero\/#article","isPartOf":{"@id":"https:\/\/berloni.com\/rivista\/progettare-una-cucina-lineare-senza-frigorifero\/"},"author":{"name":"admin","@id":"https:\/\/berloni.com\/#\/schema\/person\/234573bc1ba34f8efdae0d8637c6ca57"},"headline":"Progettare una cucina lineare senza frigorifero","datePublished":"2025-06-24T12:14:28+00:00","dateModified":"2025-07-07T16:01:21+00:00","mainEntityOfPage":{"@id":"https:\/\/berloni.com\/rivista\/progettare-una-cucina-lineare-senza-frigorifero\/"},"wordCount":797,"publisher":{"@id":"https:\/\/berloni.com\/#organization"},"image":{"@id":"https:\/\/berloni.com\/rivista\/progettare-una-cucina-lineare-senza-frigorifero\/#primaryimage"},"thumbnailUrl":"https:\/\/berloni.com\/wp-content\/uploads\/2025\/06\/Cucina_lineare_senza_frigo.jpg","keywords":["Arredi di Lusso","Cucina Lineare","Cucina Moderna","Made in Italy","Progettazione"],"articleSection":["Arredamento casa","Design","Ispirazioni","Moderno"],"inLanguage":"en-GB"},{"@type":"WebPage","@id":"https:\/\/berloni.com\/rivista\/progettare-una-cucina-lineare-senza-frigorifero\/","url":"https:\/\/berloni.com\/rivista\/progettare-una-cucina-lineare-senza-frigorifero\/","name":"Designing a linear kitchen without a refrigerator - Berloni","isPartOf":{"@id":"https:\/\/berloni.com\/#website"},"primaryImageOfPage":{"@id":"https:\/\/berloni.com\/rivista\/progettare-una-cucina-lineare-senza-frigorifero\/#primaryimage"},"image":{"@id":"https:\/\/berloni.com\/rivista\/progettare-una-cucina-lineare-senza-frigorifero\/#primaryimage"},"thumbnailUrl":"https:\/\/berloni.com\/wp-content\/uploads\/2025\/06\/Cucina_lineare_senza_frigo.jpg","datePublished":"2025-06-24T12:14:28+00:00","dateModified":"2025-07-07T16:01:21+00:00","description":"Linear kitchen without integrated fridge: visual order, design freedom, and Berloni's bespoke style. Book your appointment now.","breadcrumb":{"@id":"https:\/\/berloni.com\/rivista\/progettare-una-cucina-lineare-senza-frigorifero\/#breadcrumb"},"inLanguage":"en-GB","potentialAction":[{"@type":"ReadAction","target":["https:\/\/berloni.com\/rivista\/progettare-una-cucina-lineare-senza-frigorifero\/"]}]},{"@type":"ImageObject","inLanguage":"en-GB","@id":"https:\/\/berloni.com\/rivista\/progettare-una-cucina-lineare-senza-frigorifero\/#primaryimage","url":"https:\/\/berloni.com\/wp-content\/uploads\/2025\/06\/Cucina_lineare_senza_frigo.jpg","contentUrl":"https:\/\/berloni.com\/wp-content\/uploads\/2025\/06\/Cucina_lineare_senza_frigo.jpg","width":1434,"height":1014},{"@type":"BreadcrumbList","@id":"https:\/\/berloni.com\/rivista\/progettare-una-cucina-lineare-senza-frigorifero\/#breadcrumb","itemListElement":[{"@type":"ListItem","position":1,"name":"Home","item":"https:\/\/berloni.com\/"},{"@type":"ListItem","position":2,"name":"Progettare una cucina lineare senza frigorifero"}]},{"@type":"WebSite","@id":"https:\/\/berloni.com\/#website","url":"https:\/\/berloni.com\/","name":"Berloni","description":"","publisher":{"@id":"https:\/\/berloni.com\/#organization"},"potentialAction":[{"@type":"SearchAction","target":{"@type":"EntryPoint","urlTemplate":"https:\/\/berloni.com\/?s={search_term_string}"},"query-input":{"@type":"PropertyValueSpecification","valueRequired":true,"valueName":"search_term_string"}}],"inLanguage":"en-GB"},{"@type":"Organization","@id":"https:\/\/berloni.com\/#organization","name":"Berloni","url":"https:\/\/berloni.com\/","logo":{"@type":"ImageObject","inLanguage":"en-GB","@id":"https:\/\/berloni.com\/#\/schema\/logo\/image\/","url":"https:\/\/berloni.com\/wp-content\/uploads\/2025\/01\/Favicon_Berloni.png","contentUrl":"https:\/\/berloni.com\/wp-content\/uploads\/2025\/01\/Favicon_Berloni.png","width":513,"height":513,"caption":"Berloni"},"image":{"@id":"https:\/\/berloni.com\/#\/schema\/logo\/image\/"},"sameAs":["https:\/\/www.facebook.com\/CucineBerloni\/","https:\/\/www.instagram.com\/cucineberloni\/","https:\/\/it.pinterest.com\/berloni\/","https:\/\/www.linkedin.com\/company\/berloni\/"]},{"@type":"Person","@id":"https:\/\/berloni.com\/#\/schema\/person\/234573bc1ba34f8efdae0d8637c6ca57","name":"admin","image":{"@type":"ImageObject","inLanguage":"en-GB","@id":"https:\/\/secure.gravatar.com\/avatar\/3ae2cbd0daf127e36f2bcf8f07112ff400cef749a9d8e7b9c577c4a387336874?s=96&d=mm&r=g","url":"https:\/\/secure.gravatar.com\/avatar\/3ae2cbd0daf127e36f2bcf8f07112ff400cef749a9d8e7b9c577c4a387336874?s=96&d=mm&r=g","contentUrl":"https:\/\/secure.gravatar.com\/avatar\/3ae2cbd0daf127e36f2bcf8f07112ff400cef749a9d8e7b9c577c4a387336874?s=96&d=mm&r=g","caption":"admin"},"sameAs":["https:\/\/berloni.com"],"url":"https:\/\/berloni.com\/en\/rivista\/author\/admin\/"}]}},"_links":{"self":[{"href":"https:\/\/berloni.com\/en\/wp-json\/wp\/v2\/posts\/14874","targetHints":{"allow":["GET"]}}],"collection":[{"href":"https:\/\/berloni.com\/en\/wp-json\/wp\/v2\/posts"}],"about":[{"href":"https:\/\/berloni.com\/en\/wp-json\/wp\/v2\/types\/post"}],"author":[{"embeddable":true,"href":"https:\/\/berloni.com\/en\/wp-json\/wp\/v2\/users\/1"}],"replies":[{"embeddable":true,"href":"https:\/\/berloni.com\/en\/wp-json\/wp\/v2\/comments?post=14874"}],"version-history":[{"count":7,"href":"https:\/\/berloni.com\/en\/wp-json\/wp\/v2\/posts\/14874\/revisions"}],"predecessor-version":[{"id":14883,"href":"https:\/\/berloni.com\/en\/wp-json\/wp\/v2\/posts\/14874\/revisions\/14883"}],"wp:featuredmedia":[{"embeddable":true,"href":"https:\/\/berloni.com\/en\/wp-json\/wp\/v2\/media\/14875"}],"wp:attachment":[{"href":"https:\/\/berloni.com\/en\/wp-json\/wp\/v2\/media?parent=14874"}],"wp:term":[{"taxonomy":"category","embeddable":true,"href":"https:\/\/berloni.com\/en\/wp-json\/wp\/v2\/categories?post=14874"},{"taxonomy":"post_tag","embeddable":true,"href":"https:\/\/berloni.com\/en\/wp-json\/wp\/v2\/tags?post=14874"}],"curies":[{"name":"wp","href":"https:\/\/api.w.org\/{rel}","templated":true}]}}