{"id":14589,"date":"2025-06-16T14:47:30","date_gmt":"2025-06-16T13:47:30","guid":{"rendered":"https:\/\/berloni.com\/?p=14589"},"modified":"2025-07-07T17:01:05","modified_gmt":"2025-07-07T16:01:05","slug":"even-a-3-meter-linear-kitchen-can-be-a-design-statement","status":"publish","type":"post","link":"https:\/\/berloni.com\/en\/rivista\/anche-una-cucina-lineare-di-3-metri-puo-essere-di-design\/","title":{"rendered":"Even a 3-meter linear kitchen can be a design statement"},"content":{"rendered":"\t\t<div data-elementor-type=\"wp-post\" data-elementor-id=\"14589\" class=\"elementor elementor-14589\" data-elementor-post-type=\"post\">\n\t\t\t\t\t\t<section class=\"elementor-section elementor-top-section elementor-element elementor-element-10e0bbd elementor-section-full_width elementor-section-height-default elementor-section-height-default\" data-id=\"10e0bbd\" data-element_type=\"section\" data-e-type=\"section\">\n\t\t\t\t\t\t<div class=\"elementor-container elementor-column-gap-default\">\n\t\t\t\t\t<div class=\"elementor-column elementor-col-100 elementor-top-column elementor-element elementor-element-e34b795\" data-id=\"e34b795\" data-element_type=\"column\" data-e-type=\"column\">\n\t\t\t<div class=\"elementor-widget-wrap elementor-element-populated\">\n\t\t\t\t\t\t<div class=\"elementor-element elementor-element-666f689 elementor-widget elementor-widget-text-editor\" data-id=\"666f689\" data-element_type=\"widget\" data-e-type=\"widget\" data-widget_type=\"text-editor.default\">\n\t\t\t\t<div class=\"elementor-widget-container\">\n\t\t\t\t\t\t\t\t\t<p>L\u2019evoluzione degli spazi urbani ha trasformato radicalmente il concetto di abitare. Le citt\u00e0 di oggi riflettono i cambiamenti architettonici profondi del contesto urbano circostante: appartamenti di 60\u201380 m\u00b2 rappresentano la nuova dimensione comune dell\u2019abitare. In questa realt\u00e0, la cucina lineare di 3 metri non \u00e8 pi\u00f9 soltanto una soluzione, ma una scelta di design moderno in grado di condensare prestigio, estetica e funzionalit\u00e0 in quei metri essenziali.<\/p>\t\t\t\t\t\t\t\t<\/div>\n\t\t\t\t<\/div>\n\t\t\t\t\t<\/div>\n\t\t<\/div>\n\t\t\t\t\t<\/div>\n\t\t<\/section>\n\t\t\t\t<section class=\"elementor-section elementor-top-section elementor-element elementor-element-87a9308 elementor-section-full_width elementor-section-height-default elementor-section-height-default\" data-id=\"87a9308\" data-element_type=\"section\" data-e-type=\"section\">\n\t\t\t\t\t\t<div class=\"elementor-container elementor-column-gap-default\">\n\t\t\t\t\t<div class=\"elementor-column elementor-col-100 elementor-top-column elementor-element elementor-element-5e99bcb\" data-id=\"5e99bcb\" data-element_type=\"column\" data-e-type=\"column\">\n\t\t\t<div class=\"elementor-widget-wrap elementor-element-populated\">\n\t\t\t\t\t\t<div class=\"elementor-element elementor-element-64aee60 elementor-widget elementor-widget-table-of-contents\" data-id=\"64aee60\" data-element_type=\"widget\" data-e-type=\"widget\" data-settings=\"{&quot;exclude_headings_by_selector&quot;:[],&quot;headings_by_tags&quot;:[&quot;h2&quot;,&quot;h3&quot;,&quot;h4&quot;,&quot;h5&quot;,&quot;h6&quot;],&quot;marker_view&quot;:&quot;numbers&quot;,&quot;hierarchical_view&quot;:&quot;yes&quot;,&quot;min_height&quot;:{&quot;unit&quot;:&quot;px&quot;,&quot;size&quot;:&quot;&quot;,&quot;sizes&quot;:[]},&quot;min_height_laptop&quot;:{&quot;unit&quot;:&quot;px&quot;,&quot;size&quot;:&quot;&quot;,&quot;sizes&quot;:[]},&quot;min_height_tablet_extra&quot;:{&quot;unit&quot;:&quot;px&quot;,&quot;size&quot;:&quot;&quot;,&quot;sizes&quot;:[]},&quot;min_height_tablet&quot;:{&quot;unit&quot;:&quot;px&quot;,&quot;size&quot;:&quot;&quot;,&quot;sizes&quot;:[]},&quot;min_height_mobile_extra&quot;:{&quot;unit&quot;:&quot;px&quot;,&quot;size&quot;:&quot;&quot;,&quot;sizes&quot;:[]},&quot;min_height_mobile&quot;:{&quot;unit&quot;:&quot;px&quot;,&quot;size&quot;:&quot;&quot;,&quot;sizes&quot;:[]}}\" data-widget_type=\"table-of-contents.default\">\n\t\t\t\t<div class=\"elementor-widget-container\">\n\t\t\t\t\t\t\t\t\t<div class=\"elementor-toc__header\">\n\t\t\t\t\t\t<h4 class=\"elementor-toc__header-title\">\n\t\t\t\tIndice\t\t\t<\/h4>\n\t\t\t\t\t\t\t\t<\/div>\n\t\t\t\t<div id=\"elementor-toc__64aee60\" class=\"elementor-toc__body\">\n\t\t\t<div class=\"elementor-toc__spinner-container\">\n\t\t\t\t<svg class=\"elementor-toc__spinner eicon-animation-spin e-font-icon-svg e-eicon-loading\" aria-hidden=\"true\" viewBox=\"0 0 1000 1000\" xmlns=\"http:\/\/www.w3.org\/2000\/svg\"><path d=\"M500 975V858C696 858 858 696 858 500S696 142 500 142 142 304 142 500H25C25 237 238 25 500 25S975 237 975 500 763 975 500 975Z\"><\/path><\/svg>\t\t\t<\/div>\n\t\t<\/div>\n\t\t\t\t\t\t<\/div>\n\t\t\t\t<\/div>\n\t\t\t\t\t<\/div>\n\t\t<\/div>\n\t\t\t\t\t<\/div>\n\t\t<\/section>\n\t\t\t\t<section class=\"elementor-section elementor-top-section elementor-element elementor-element-4e88d91 elementor-section-full_width elementor-section-height-default elementor-section-height-default\" data-id=\"4e88d91\" data-element_type=\"section\" data-e-type=\"section\">\n\t\t\t\t\t\t<div class=\"elementor-container elementor-column-gap-default\">\n\t\t\t\t\t<div class=\"elementor-column elementor-col-100 elementor-top-column elementor-element elementor-element-43fd7ea\" data-id=\"43fd7ea\" data-element_type=\"column\" data-e-type=\"column\">\n\t\t\t<div class=\"elementor-widget-wrap elementor-element-populated\">\n\t\t\t\t\t\t<div class=\"elementor-element elementor-element-28f8e3a elementor-widget elementor-widget-spacer\" data-id=\"28f8e3a\" data-element_type=\"widget\" data-e-type=\"widget\" data-widget_type=\"spacer.default\">\n\t\t\t\t<div class=\"elementor-widget-container\">\n\t\t\t\t\t\t\t<div class=\"elementor-spacer\">\n\t\t\t<div class=\"elementor-spacer-inner\"><\/div>\n\t\t<\/div>\n\t\t\t\t\t\t<\/div>\n\t\t\t\t<\/div>\n\t\t\t\t<div class=\"elementor-element elementor-element-9e68767 elementor-widget elementor-widget-heading\" data-id=\"9e68767\" data-element_type=\"widget\" data-e-type=\"widget\" data-widget_type=\"heading.default\">\n\t\t\t\t<div class=\"elementor-widget-container\">\n\t\t\t\t\t<h2 class=\"elementor-heading-title elementor-size-default\">Lo spazio urbano ridefinito<\/h2>\t\t\t\t<\/div>\n\t\t\t\t<\/div>\n\t\t\t\t\t<\/div>\n\t\t<\/div>\n\t\t\t\t\t<\/div>\n\t\t<\/section>\n\t\t\t\t<section class=\"elementor-section elementor-top-section elementor-element elementor-element-3e16e0d elementor-section-full_width elementor-section-height-default elementor-section-height-default\" data-id=\"3e16e0d\" data-element_type=\"section\" data-e-type=\"section\">\n\t\t\t\t\t\t<div class=\"elementor-container elementor-column-gap-default\">\n\t\t\t\t\t<div class=\"elementor-column elementor-col-100 elementor-top-column elementor-element elementor-element-1bd451f\" data-id=\"1bd451f\" data-element_type=\"column\" data-e-type=\"column\">\n\t\t\t<div class=\"elementor-widget-wrap elementor-element-populated\">\n\t\t\t\t\t\t<div class=\"elementor-element elementor-element-ce4ea15 elementor-widget elementor-widget-text-editor\" data-id=\"ce4ea15\" data-element_type=\"widget\" data-e-type=\"widget\" data-widget_type=\"text-editor.default\">\n\t\t\t\t<div class=\"elementor-widget-container\">\n\t\t\t\t\t\t\t\t\t<p>La nuova concezione dello spazio risponde a un\u2019esigenza sempre pi\u00f9 diffusa: arredare con carattere ogni metro quadro, senza sacrificare il comfort e la bellezza. La cucina lineare di tre metri emerge come una risposta elegante a questa sfida, dimostrando come la compattezza dimensionale possa convivere armoniosamente con un design raffinato e funzionale.\u00a0<\/p><p>Oggi, progettare spazi da vivere significa integrare le operazioni domestiche con intelligenza e sensibilit\u00e0 personale. La cucina lineare diventa cos\u00ec l\u2019espressione di un abitare consapevole, un simbolo dell\u2019evoluzione architettonica che dimostra l\u2019identit\u00e0 della casa.<\/p>\t\t\t\t\t\t\t\t<\/div>\n\t\t\t\t<\/div>\n\t\t\t\t\t<\/div>\n\t\t<\/div>\n\t\t\t\t\t<\/div>\n\t\t<\/section>\n\t\t\t\t<section class=\"elementor-section elementor-top-section elementor-element elementor-element-4577894 elementor-section-full_width elementor-section-height-default elementor-section-height-default\" data-id=\"4577894\" data-element_type=\"section\" data-e-type=\"section\">\n\t\t\t\t\t\t<div class=\"elementor-container elementor-column-gap-default\">\n\t\t\t\t\t<div class=\"elementor-column elementor-col-100 elementor-top-column elementor-element elementor-element-c8c1074\" data-id=\"c8c1074\" data-element_type=\"column\" data-e-type=\"column\">\n\t\t\t<div class=\"elementor-widget-wrap elementor-element-populated\">\n\t\t\t\t\t\t<div class=\"elementor-element elementor-element-cd2c6d3 elementor-widget elementor-widget-spacer\" data-id=\"cd2c6d3\" data-element_type=\"widget\" data-e-type=\"widget\" data-widget_type=\"spacer.default\">\n\t\t\t\t<div class=\"elementor-widget-container\">\n\t\t\t\t\t\t\t<div class=\"elementor-spacer\">\n\t\t\t<div class=\"elementor-spacer-inner\"><\/div>\n\t\t<\/div>\n\t\t\t\t\t\t<\/div>\n\t\t\t\t<\/div>\n\t\t\t\t<div class=\"elementor-element elementor-element-c548aa6 elementor-widget elementor-widget-heading\" data-id=\"c548aa6\" data-element_type=\"widget\" data-e-type=\"widget\" data-widget_type=\"heading.default\">\n\t\t\t\t<div class=\"elementor-widget-container\">\n\t\t\t\t\t<h2 class=\"elementor-heading-title elementor-size-default\">Logica compositiva: tre metri, infiniti scenari<\/h2>\t\t\t\t<\/div>\n\t\t\t\t<\/div>\n\t\t\t\t\t<\/div>\n\t\t<\/div>\n\t\t\t\t\t<\/div>\n\t\t<\/section>\n\t\t\t\t<section class=\"elementor-section elementor-top-section elementor-element elementor-element-78711ac elementor-section-full_width elementor-section-height-default elementor-section-height-default\" data-id=\"78711ac\" data-element_type=\"section\" data-e-type=\"section\">\n\t\t\t\t\t\t<div class=\"elementor-container elementor-column-gap-default\">\n\t\t\t\t\t<div class=\"elementor-column elementor-col-100 elementor-top-column elementor-element elementor-element-028bab1\" data-id=\"028bab1\" data-element_type=\"column\" data-e-type=\"column\">\n\t\t\t<div class=\"elementor-widget-wrap elementor-element-populated\">\n\t\t\t\t\t\t<div class=\"elementor-element elementor-element-beb76d8 elementor-widget elementor-widget-text-editor\" data-id=\"beb76d8\" data-element_type=\"widget\" data-e-type=\"widget\" data-widget_type=\"text-editor.default\">\n\t\t\t\t<div class=\"elementor-widget-container\">\n\t\t\t\t\t\t\t\t\t<p>La progettazione di una cucina lineare, compresa tra i 300 e i 360 centimetri, richiede una visione architettonica che ottimizzi lo spazio tenendo in considerazioni l\u2019aspetto estetico. Interpretati correttamente, tre metri lineari possono accogliere tutti gli elementi essenziali: una zona lavaggio con lavello e lavastoviglie, un\u2019area cottura con quattro o cinque fuochi (a gas o a induzione) dotata di cappa integrata e sufficienti superfici operative per la preparazione dei cibi di ogni giorno.<\/p><p>I dettagli personalizzati creano ambienti ben progettati che sono grandi nella loro capacit\u00e0 di offrire praticit\u00e0 e comfort abitativo, riflettendo l\u2019identit\u00e0 di chi li vive.<\/p><p>La composizione architettonica permette di valorizzare anche gli ambienti pi\u00f9 ristretti, grazie a soluzioni uniche che si adattano ai bisogni personali e allo stile di vita individuale. Ciascun modulo diventa parte integrante di un equilibrio visivo e funzionale attentamente studiato.<\/p>\t\t\t\t\t\t\t\t<\/div>\n\t\t\t\t<\/div>\n\t\t\t\t\t<\/div>\n\t\t<\/div>\n\t\t\t\t\t<\/div>\n\t\t<\/section>\n\t\t<div class=\"elementor-element elementor-element-b26724e e-con-full e-flex e-con e-parent\" data-id=\"b26724e\" data-element_type=\"container\" data-e-type=\"container\">\n\t\t\t\t<div class=\"elementor-element elementor-element-0f18094 elementor-widget elementor-widget-spacer\" data-id=\"0f18094\" data-element_type=\"widget\" data-e-type=\"widget\" data-widget_type=\"spacer.default\">\n\t\t\t\t<div class=\"elementor-widget-container\">\n\t\t\t\t\t\t\t<div class=\"elementor-spacer\">\n\t\t\t<div class=\"elementor-spacer-inner\"><\/div>\n\t\t<\/div>\n\t\t\t\t\t\t<\/div>\n\t\t\t\t<\/div>\n\t\t\t\t<div class=\"elementor-element elementor-element-4a1899c elementor-widget elementor-widget-heading\" data-id=\"4a1899c\" data-element_type=\"widget\" data-e-type=\"widget\" data-widget_type=\"heading.default\">\n\t\t\t\t<div class=\"elementor-widget-container\">\n\t\t\t\t\t<h2 class=\"elementor-heading-title elementor-size-default\">Ergonomia lineare 2.0<\/h2>\t\t\t\t<\/div>\n\t\t\t\t<\/div>\n\t\t\t\t<div class=\"elementor-element elementor-element-d4ae0fb elementor-widget elementor-widget-text-editor\" data-id=\"d4ae0fb\" data-element_type=\"widget\" data-e-type=\"widget\" data-widget_type=\"text-editor.default\">\n\t\t\t\t<div class=\"elementor-widget-container\">\n\t\t\t\t\t\t\t\t\t<p>Il tradizionale concetto di triangolo di lavoro si evolve verso un pi\u00f9 contemporaneo flusso operativo lineare. Moduli estraibili, aperture a spinta, gole inclinate ottimizzano gesti quotidiani e garantiscono comfort ergonomico, rinnovando l\u2019interazione con la cucina.<\/p><p>L\u2019ergonomia della cucina lineare moderna si basa su principi che riducono gli spostamenti superflui. Posizionando strategicamente le aree operative e favorendo cos\u00ec un uso pi\u00f9 naturale e fluido dello spazio disponibile consente di svolgere le azioni secondo una logica pi\u00f9 immediata e intuitiva.<\/p><p>La comodit\u00e0 nell\u2019uso giornaliero diventa prioritaria: ogni elemento \u00e8 progettato per rispondere a esigenze specifiche, come altezze personalizzate e spazi calibrati per l\u2019accessibilit\u00e0. Questo approccio permette di valorizzare la qualit\u00e0 della vita domestica, aumentando significativamente il benessere grazie a una disposizione intelligente e consapevole.<\/p>\t\t\t\t\t\t\t\t<\/div>\n\t\t\t\t<\/div>\n\t\t\t\t<\/div>\n\t\t<div class=\"elementor-element elementor-element-5d3a8af e-con-full e-flex e-con e-parent\" data-id=\"5d3a8af\" data-element_type=\"container\" data-e-type=\"container\">\n\t\t\t\t<div class=\"elementor-element elementor-element-5c0779d elementor-widget elementor-widget-spacer\" data-id=\"5c0779d\" data-element_type=\"widget\" data-e-type=\"widget\" data-widget_type=\"spacer.default\">\n\t\t\t\t<div class=\"elementor-widget-container\">\n\t\t\t\t\t\t\t<div class=\"elementor-spacer\">\n\t\t\t<div class=\"elementor-spacer-inner\"><\/div>\n\t\t<\/div>\n\t\t\t\t\t\t<\/div>\n\t\t\t\t<\/div>\n\t\t\t\t<div class=\"elementor-element elementor-element-1974e96 elementor-widget elementor-widget-heading\" data-id=\"1974e96\" data-element_type=\"widget\" data-e-type=\"widget\" data-widget_type=\"heading.default\">\n\t\t\t\t<div class=\"elementor-widget-container\">\n\t\t\t\t\t<h2 class=\"elementor-heading-title elementor-size-default\">Organizzazione interna e accessori intelligenti<\/h2>\t\t\t\t<\/div>\n\t\t\t\t<\/div>\n\t\t\t\t<div class=\"elementor-element elementor-element-94c6b54 elementor-widget elementor-widget-text-editor\" data-id=\"94c6b54\" data-element_type=\"widget\" data-e-type=\"widget\" data-widget_type=\"text-editor.default\">\n\t\t\t\t<div class=\"elementor-widget-container\">\n\t\t\t\t\t\t\t\t\t<p>Le soluzioni che consentono di mantenere ordine e pulizia visiva sono molteplici: cassettoni capaci di grandi portate, pensili con apertura a ribalta, colonne alte fino a 3 metri che ampliano verticalmente lo spazio. Dunque, la funzionalit\u00e0 passa attraverso particolari sofisticati, come una dispensa estraibile o delle colonne pocket door che coprono ripiani o elettrodomestici e nascondendo la complessit\u00e0 dietro delle superfici lineari ed eleganti. L\u2019armonia estetica che ne deriva migliora non soltanto l\u2019usabilit\u00e0, ma anche il comfort emotivo di chi vive la cucina.<\/p><p>L\u2019organizzazione interna include anche accessori ricercati come dei portaposate in legno e angoli a libro con ripiani girevoli. Allo stesso modo, i sistemi di maniglie (maniglia integrata, gola piatta, gola inclinata e apertura a spinta) offrono livelli crescenti di pulizia visiva. Questi accessori non sono pi\u00f9 solo elementi pratici, ma contribuiscono a creare ordine visivo e un ambiente piacevolmente ordinato.<\/p>\t\t\t\t\t\t\t\t<\/div>\n\t\t\t\t<\/div>\n\t\t\t\t<\/div>\n\t\t<div class=\"elementor-element elementor-element-4cdf42e e-con-full e-flex e-con e-parent\" data-id=\"4cdf42e\" data-element_type=\"container\" data-e-type=\"container\">\n\t\t\t\t<div class=\"elementor-element elementor-element-46aa656 elementor-widget elementor-widget-spacer\" data-id=\"46aa656\" data-element_type=\"widget\" data-e-type=\"widget\" data-widget_type=\"spacer.default\">\n\t\t\t\t<div class=\"elementor-widget-container\">\n\t\t\t\t\t\t\t<div class=\"elementor-spacer\">\n\t\t\t<div class=\"elementor-spacer-inner\"><\/div>\n\t\t<\/div>\n\t\t\t\t\t\t<\/div>\n\t\t\t\t<\/div>\n\t\t\t\t<div class=\"elementor-element elementor-element-5c7456a elementor-widget elementor-widget-heading\" data-id=\"5c7456a\" data-element_type=\"widget\" data-e-type=\"widget\" data-widget_type=\"heading.default\">\n\t\t\t\t<div class=\"elementor-widget-container\">\n\t\t\t\t\t<h2 class=\"elementor-heading-title elementor-size-default\">Personalizzazione estetica, materiali e tattilit\u00e0 premium<\/h2>\t\t\t\t<\/div>\n\t\t\t\t<\/div>\n\t\t\t\t<div class=\"elementor-element elementor-element-d2ba479 elementor-widget elementor-widget-text-editor\" data-id=\"d2ba479\" data-element_type=\"widget\" data-e-type=\"widget\" data-widget_type=\"text-editor.default\">\n\t\t\t\t<div class=\"elementor-widget-container\">\n\t\t\t\t\t\t\t\t\t<p>La personalizzazione degli spazi interni permette di rispondere efficacemente alle esigenze di ciascuno. \u00c8 attraverso soluzioni flessibili e intelligenti che si facilita il vivere quotidiano e migliora significativamente l\u2019esperienza d\u2019uso della cucina lunga attorno ai tre metri.<\/p><p>Le texture materiche giocano un ruolo fondamentale nel ridurre l\u2019impressione di &#8220;blocco compatto&#8221; tipica delle cucine lineari di queste dimensioni. Materiali e finiture conferiscono una percezione sensoriale superiore, creando un\u2019esperienza tattile e visiva piacevole che mitiga l\u2019effetto visivo. Inoltre, la continuit\u00e0 visiva con la zona living consente un\u2019integrazione elegantemente delle aree evitando barriere visive invasive. Cos\u00ec facendo, si ottengono combinazioni uniche che riflettono la personalit\u00e0 di chi abita lo spazio.<\/p><p>Il design materico e la selezione di finiture esclusive permettono di valorizzare ambienti misurati. Attraverso scelte progettuali accurate, la cucina si integra naturalmente con il resto della casa in una continuit\u00e0 stilistica che accresce la sensazione di ampiezza e contribuisce a un senso generale di benessere abitativo.<\/p>\t\t\t\t\t\t\t\t<\/div>\n\t\t\t\t<\/div>\n\t\t\t\t<\/div>\n\t\t<div class=\"elementor-element elementor-element-086ec2b e-con-full e-flex e-con e-parent\" data-id=\"086ec2b\" data-element_type=\"container\" data-e-type=\"container\">\n\t\t\t\t<div class=\"elementor-element elementor-element-85fa9ac elementor-widget elementor-widget-spacer\" data-id=\"85fa9ac\" data-element_type=\"widget\" data-e-type=\"widget\" data-widget_type=\"spacer.default\">\n\t\t\t\t<div class=\"elementor-widget-container\">\n\t\t\t\t\t\t\t<div class=\"elementor-spacer\">\n\t\t\t<div class=\"elementor-spacer-inner\"><\/div>\n\t\t<\/div>\n\t\t\t\t\t\t<\/div>\n\t\t\t\t<\/div>\n\t\t\t\t<div class=\"elementor-element elementor-element-2c32a34 elementor-widget elementor-widget-heading\" data-id=\"2c32a34\" data-element_type=\"widget\" data-e-type=\"widget\" data-widget_type=\"heading.default\">\n\t\t\t\t<div class=\"elementor-widget-container\">\n\t\t\t\t\t<h2 class=\"elementor-heading-title elementor-size-default\">Tecnologia integrata: eleganza e innovazione<\/h2>\t\t\t\t<\/div>\n\t\t\t\t<\/div>\n\t\t\t\t<div class=\"elementor-element elementor-element-8861184 elementor-widget elementor-widget-text-editor\" data-id=\"8861184\" data-element_type=\"widget\" data-e-type=\"widget\" data-widget_type=\"text-editor.default\">\n\t\t\t\t<div class=\"elementor-widget-container\">\n\t\t\t\t\t\t\t\t\t<p>L\u2019integrazione tecnologica migliora notevolmente l\u2019usabilit\u00e0 della cucina lineare moderna. Piani cottura con aspirazione downdraft, prese flush a scomparsa e sistemi domotici trasformano la cucina in un luogo altamente funzionale, in sintonia con le necessit\u00e0 della persona.<\/p><p>La tecnologia, pur essendo centrale nell\u2019esperienza d\u2019uso, rimane discreta, contribuendo a semplificare le operazioni quotidiane con dettagli discreti, quasi invisibili, che si fondono perfettamente nel design generale, mantenendo la raffinatezza e la pulizia visiva.<\/p>\t\t\t\t\t\t\t\t<\/div>\n\t\t\t\t<\/div>\n\t\t\t\t<\/div>\n\t\t<div class=\"elementor-element elementor-element-16115b2 e-con-full e-flex e-con e-parent\" data-id=\"16115b2\" data-element_type=\"container\" data-e-type=\"container\">\n\t\t\t\t<div class=\"elementor-element elementor-element-acb58af elementor-widget elementor-widget-spacer\" data-id=\"acb58af\" data-element_type=\"widget\" data-e-type=\"widget\" data-widget_type=\"spacer.default\">\n\t\t\t\t<div class=\"elementor-widget-container\">\n\t\t\t\t\t\t\t<div class=\"elementor-spacer\">\n\t\t\t<div class=\"elementor-spacer-inner\"><\/div>\n\t\t<\/div>\n\t\t\t\t\t\t<\/div>\n\t\t\t\t<\/div>\n\t\t\t\t<div class=\"elementor-element elementor-element-e3d540b elementor-widget elementor-widget-heading\" data-id=\"e3d540b\" data-element_type=\"widget\" data-e-type=\"widget\" data-widget_type=\"heading.default\">\n\t\t\t\t<div class=\"elementor-widget-container\">\n\t\t\t\t\t<h2 class=\"elementor-heading-title elementor-size-default\">Illuminotecnica di progetto<\/h2>\t\t\t\t<\/div>\n\t\t\t\t<\/div>\n\t\t\t\t<div class=\"elementor-element elementor-element-fb3ce56 elementor-widget elementor-widget-text-editor\" data-id=\"fb3ce56\" data-element_type=\"widget\" data-e-type=\"widget\" data-widget_type=\"text-editor.default\">\n\t\t\t\t<div class=\"elementor-widget-container\">\n\t\t\t\t\t\t\t\t\t<p>La luce \u00e8 un elemento progettuale unico, modella lo spazio e aggiunge profondit\u00e0 per risaltare i materiali e le finiture. I led integrati, i faretti orientabili e i back panel retroilluminati non sono semplici fonti luminose, ma strumenti che alterano la percezione dell\u2019ambiente, diventando preziosi sia in contesti chiusi che open space.<\/p><p>Un\u2019illuminazione ben studiata crea atmosfere diverse secondo i momenti della giornata, rendendo la cucina un luogo versatile che si adatta alle qualsiasi evenienza, dal momento della preparazione a quello della convivialit\u00e0.<\/p>\t\t\t\t\t\t\t\t<\/div>\n\t\t\t\t<\/div>\n\t\t\t\t<\/div>\n\t\t<div class=\"elementor-element elementor-element-5da9b01 e-con-full e-flex e-con e-parent\" data-id=\"5da9b01\" data-element_type=\"container\" data-e-type=\"container\">\n\t\t\t\t<div class=\"elementor-element elementor-element-5ec9c10 elementor-widget elementor-widget-spacer\" data-id=\"5ec9c10\" data-element_type=\"widget\" data-e-type=\"widget\" data-widget_type=\"spacer.default\">\n\t\t\t\t<div class=\"elementor-widget-container\">\n\t\t\t\t\t\t\t<div class=\"elementor-spacer\">\n\t\t\t<div class=\"elementor-spacer-inner\"><\/div>\n\t\t<\/div>\n\t\t\t\t\t\t<\/div>\n\t\t\t\t<\/div>\n\t\t\t\t<div class=\"elementor-element elementor-element-347b746 elementor-widget elementor-widget-heading\" data-id=\"347b746\" data-element_type=\"widget\" data-e-type=\"widget\" data-widget_type=\"heading.default\">\n\t\t\t\t<div class=\"elementor-widget-container\">\n\t\t\t\t\t<h2 class=\"elementor-heading-title elementor-size-default\">Conclusione: compatta ma distintiva<\/h2>\t\t\t\t<\/div>\n\t\t\t\t<\/div>\n\t\t\t\t<div class=\"elementor-element elementor-element-898dbbc elementor-widget elementor-widget-text-editor\" data-id=\"898dbbc\" data-element_type=\"widget\" data-e-type=\"widget\" data-widget_type=\"text-editor.default\">\n\t\t\t\t<div class=\"elementor-widget-container\">\n\t\t\t\t\t\t\t\t\t<p>Il valore di una cucina risiede nella sua capacit\u00e0 di interpretare con precisione i bisogni personali della quotidianit\u00e0. \u00c8 un insieme di scelte consapevoli che rispondono alle necessit\u00e0 dell\u2019abitare urbano contemporaneo, senza compromessi sulla qualit\u00e0 e sulla personalizzazione.<\/p><p>L\u2019attenzione ai dettagli, la cura nella scelta dei materiali e l\u2019integrazione tecnologica trasformano questo spazio contenuto in un ambiente che esprime appieno i valori di autenticit\u00e0, funzionalit\u00e0 ed eleganza che caratterizzano il design italiano.<\/p><p>Per realizzare la tua cucina lineare di 3 metri e senza compromettere nessuna delle tue aspirazioni, ti invitiamo a prenotare un appuntamento presso i nostri Atelier, dove i nostri designer Berloni saranno lieti di guidarti in un percorso personale e unico al tuo progetto.<\/p>\t\t\t\t\t\t\t\t<\/div>\n\t\t\t\t<\/div>\n\t\t\t\t<div class=\"elementor-element elementor-element-0181057 elementor-widget elementor-widget-text-editor\" data-id=\"0181057\" data-element_type=\"widget\" data-e-type=\"widget\" data-widget_type=\"text-editor.default\">\n\t\t\t\t<div class=\"elementor-widget-container\">\n\t\t\t\t\t\t\t\t\t<p><span class=\"sottolineato\"><a href=\"https:\/\/berloni.com\/cataloghi-arredamento\/\">Esplora il Catalogo Berloni<\/a><\/span> e scopri come realizzare la tua cucina.<\/p>\t\t\t\t\t\t\t\t<\/div>\n\t\t\t\t<\/div>\n\t\t\t\t<\/div>\n\t\t\t\t<\/div>\n\t\t","protected":false},"excerpt":{"rendered":"<p>The 3-meter linear kitchen is no longer merely a solution, but a modern design choice capable of condensing prestige, aesthetics, and functionality into these essential meters.<\/p>","protected":false},"author":1,"featured_media":9485,"comment_status":"closed","ping_status":"closed","sticky":false,"template":"","format":"standard","meta":{"footnotes":""},"categories":[22,20,24,25],"tags":[113,128,130,115,112],"class_list":["post-14589","post","type-post","status-publish","format-standard","has-post-thumbnail","hentry","category-arredamento-casa","category-design","category-ispirazioni","category-moderno","tag-arredi-di-lusso","tag-cucina-lineare","tag-cucina-moderna","tag-made-in-italy","tag-progettazione"],"yoast_head":"<!-- This site is optimized with the Yoast SEO plugin v27.3 - https:\/\/yoast.com\/product\/yoast-seo-wordpress\/ -->\n<title>Anche una cucina lineare di 3 Metri pu\u00f2 essere di design - Berloni<\/title>\n<meta name=\"description\" content=\"Cucina lineare 3 metri Berloni: design compatto, elegante e funzionale per spazi urbani moderni. Prenota ora un appuntamento personalizzato.\" \/>\n<meta name=\"robots\" content=\"index, follow, max-snippet:-1, max-image-preview:large, max-video-preview:-1\" \/>\n<link rel=\"canonical\" href=\"https:\/\/berloni.com\/en\/magazine\/even-a-3-meter-linear-kitchen-can-be-a-design-statement\/\" \/>\n<meta property=\"og:locale\" content=\"en_GB\" \/>\n<meta property=\"og:type\" content=\"article\" \/>\n<meta property=\"og:title\" content=\"Anche una cucina lineare di 3 Metri pu\u00f2 essere di design - Berloni\" \/>\n<meta property=\"og:description\" content=\"Cucina lineare 3 metri Berloni: design compatto, elegante e funzionale per spazi urbani moderni. Prenota ora un appuntamento personalizzato.\" \/>\n<meta property=\"og:url\" content=\"https:\/\/berloni.com\/en\/magazine\/even-a-3-meter-linear-kitchen-can-be-a-design-statement\/\" \/>\n<meta property=\"og:site_name\" content=\"Berloni\" \/>\n<meta property=\"article:publisher\" content=\"https:\/\/www.facebook.com\/CucineBerloni\/\" \/>\n<meta property=\"article:published_time\" content=\"2025-06-16T13:47:30+00:00\" \/>\n<meta property=\"article:modified_time\" content=\"2025-07-07T16:01:05+00:00\" \/>\n<meta property=\"og:image\" content=\"https:\/\/berloni.com\/wp-content\/uploads\/2025\/01\/1104_Mina_04_01.jpg\" \/>\n\t<meta property=\"og:image:width\" content=\"2000\" \/>\n\t<meta property=\"og:image:height\" content=\"1414\" \/>\n\t<meta property=\"og:image:type\" content=\"image\/jpeg\" \/>\n<meta name=\"author\" content=\"admin\" \/>\n<meta name=\"twitter:card\" content=\"summary_large_image\" \/>\n<meta name=\"twitter:label1\" content=\"Written by\" \/>\n\t<meta name=\"twitter:data1\" content=\"admin\" \/>\n\t<meta name=\"twitter:label2\" content=\"Estimated reading time\" \/>\n\t<meta name=\"twitter:data2\" content=\"6 minutes\" \/>\n<script type=\"application\/ld+json\" class=\"yoast-schema-graph\">{\"@context\":\"https:\\\/\\\/schema.org\",\"@graph\":[{\"@type\":\"Article\",\"@id\":\"https:\\\/\\\/berloni.com\\\/rivista\\\/anche-una-cucina-lineare-di-3-metri-puo-essere-di-design\\\/#article\",\"isPartOf\":{\"@id\":\"https:\\\/\\\/berloni.com\\\/rivista\\\/anche-una-cucina-lineare-di-3-metri-puo-essere-di-design\\\/\"},\"author\":{\"name\":\"admin\",\"@id\":\"https:\\\/\\\/berloni.com\\\/#\\\/schema\\\/person\\\/234573bc1ba34f8efdae0d8637c6ca57\"},\"headline\":\"Anche una cucina lineare di 3 metri pu\u00f2 essere di design\",\"datePublished\":\"2025-06-16T13:47:30+00:00\",\"dateModified\":\"2025-07-07T16:01:05+00:00\",\"mainEntityOfPage\":{\"@id\":\"https:\\\/\\\/berloni.com\\\/rivista\\\/anche-una-cucina-lineare-di-3-metri-puo-essere-di-design\\\/\"},\"wordCount\":1056,\"publisher\":{\"@id\":\"https:\\\/\\\/berloni.com\\\/#organization\"},\"image\":{\"@id\":\"https:\\\/\\\/berloni.com\\\/rivista\\\/anche-una-cucina-lineare-di-3-metri-puo-essere-di-design\\\/#primaryimage\"},\"thumbnailUrl\":\"https:\\\/\\\/berloni.com\\\/wp-content\\\/uploads\\\/2025\\\/01\\\/1104_Mina_04_01.jpg\",\"keywords\":[\"Arredi di Lusso\",\"Cucina Lineare\",\"Cucina Moderna\",\"Made in Italy\",\"Progettazione\"],\"articleSection\":[\"Arredamento casa\",\"Design\",\"Ispirazioni\",\"Moderno\"],\"inLanguage\":\"en-GB\"},{\"@type\":\"WebPage\",\"@id\":\"https:\\\/\\\/berloni.com\\\/rivista\\\/anche-una-cucina-lineare-di-3-metri-puo-essere-di-design\\\/\",\"url\":\"https:\\\/\\\/berloni.com\\\/rivista\\\/anche-una-cucina-lineare-di-3-metri-puo-essere-di-design\\\/\",\"name\":\"Anche una cucina lineare di 3 Metri pu\u00f2 essere di design - Berloni\",\"isPartOf\":{\"@id\":\"https:\\\/\\\/berloni.com\\\/#website\"},\"primaryImageOfPage\":{\"@id\":\"https:\\\/\\\/berloni.com\\\/rivista\\\/anche-una-cucina-lineare-di-3-metri-puo-essere-di-design\\\/#primaryimage\"},\"image\":{\"@id\":\"https:\\\/\\\/berloni.com\\\/rivista\\\/anche-una-cucina-lineare-di-3-metri-puo-essere-di-design\\\/#primaryimage\"},\"thumbnailUrl\":\"https:\\\/\\\/berloni.com\\\/wp-content\\\/uploads\\\/2025\\\/01\\\/1104_Mina_04_01.jpg\",\"datePublished\":\"2025-06-16T13:47:30+00:00\",\"dateModified\":\"2025-07-07T16:01:05+00:00\",\"description\":\"Cucina lineare 3 metri Berloni: design compatto, elegante e funzionale per spazi urbani moderni. Prenota ora un appuntamento personalizzato.\",\"breadcrumb\":{\"@id\":\"https:\\\/\\\/berloni.com\\\/rivista\\\/anche-una-cucina-lineare-di-3-metri-puo-essere-di-design\\\/#breadcrumb\"},\"inLanguage\":\"en-GB\",\"potentialAction\":[{\"@type\":\"ReadAction\",\"target\":[\"https:\\\/\\\/berloni.com\\\/rivista\\\/anche-una-cucina-lineare-di-3-metri-puo-essere-di-design\\\/\"]}]},{\"@type\":\"ImageObject\",\"inLanguage\":\"en-GB\",\"@id\":\"https:\\\/\\\/berloni.com\\\/rivista\\\/anche-una-cucina-lineare-di-3-metri-puo-essere-di-design\\\/#primaryimage\",\"url\":\"https:\\\/\\\/berloni.com\\\/wp-content\\\/uploads\\\/2025\\\/01\\\/1104_Mina_04_01.jpg\",\"contentUrl\":\"https:\\\/\\\/berloni.com\\\/wp-content\\\/uploads\\\/2025\\\/01\\\/1104_Mina_04_01.jpg\",\"width\":2000,\"height\":1414,\"caption\":\"Cucina Mina 05\"},{\"@type\":\"BreadcrumbList\",\"@id\":\"https:\\\/\\\/berloni.com\\\/rivista\\\/anche-una-cucina-lineare-di-3-metri-puo-essere-di-design\\\/#breadcrumb\",\"itemListElement\":[{\"@type\":\"ListItem\",\"position\":1,\"name\":\"Home\",\"item\":\"https:\\\/\\\/berloni.com\\\/\"},{\"@type\":\"ListItem\",\"position\":2,\"name\":\"Anche una cucina lineare di 3 metri pu\u00f2 essere di design\"}]},{\"@type\":\"WebSite\",\"@id\":\"https:\\\/\\\/berloni.com\\\/#website\",\"url\":\"https:\\\/\\\/berloni.com\\\/\",\"name\":\"Berloni\",\"description\":\"\",\"publisher\":{\"@id\":\"https:\\\/\\\/berloni.com\\\/#organization\"},\"potentialAction\":[{\"@type\":\"SearchAction\",\"target\":{\"@type\":\"EntryPoint\",\"urlTemplate\":\"https:\\\/\\\/berloni.com\\\/?s={search_term_string}\"},\"query-input\":{\"@type\":\"PropertyValueSpecification\",\"valueRequired\":true,\"valueName\":\"search_term_string\"}}],\"inLanguage\":\"en-GB\"},{\"@type\":\"Organization\",\"@id\":\"https:\\\/\\\/berloni.com\\\/#organization\",\"name\":\"Berloni\",\"url\":\"https:\\\/\\\/berloni.com\\\/\",\"logo\":{\"@type\":\"ImageObject\",\"inLanguage\":\"en-GB\",\"@id\":\"https:\\\/\\\/berloni.com\\\/#\\\/schema\\\/logo\\\/image\\\/\",\"url\":\"https:\\\/\\\/berloni.com\\\/wp-content\\\/uploads\\\/2025\\\/01\\\/Favicon_Berloni.png\",\"contentUrl\":\"https:\\\/\\\/berloni.com\\\/wp-content\\\/uploads\\\/2025\\\/01\\\/Favicon_Berloni.png\",\"width\":513,\"height\":513,\"caption\":\"Berloni\"},\"image\":{\"@id\":\"https:\\\/\\\/berloni.com\\\/#\\\/schema\\\/logo\\\/image\\\/\"},\"sameAs\":[\"https:\\\/\\\/www.facebook.com\\\/CucineBerloni\\\/\",\"https:\\\/\\\/www.instagram.com\\\/cucineberloni\\\/\",\"https:\\\/\\\/it.pinterest.com\\\/berloni\\\/\",\"https:\\\/\\\/www.linkedin.com\\\/company\\\/berloni\\\/\"]},{\"@type\":\"Person\",\"@id\":\"https:\\\/\\\/berloni.com\\\/#\\\/schema\\\/person\\\/234573bc1ba34f8efdae0d8637c6ca57\",\"name\":\"admin\",\"image\":{\"@type\":\"ImageObject\",\"inLanguage\":\"en-GB\",\"@id\":\"https:\\\/\\\/secure.gravatar.com\\\/avatar\\\/3ae2cbd0daf127e36f2bcf8f07112ff400cef749a9d8e7b9c577c4a387336874?s=96&d=mm&r=g\",\"url\":\"https:\\\/\\\/secure.gravatar.com\\\/avatar\\\/3ae2cbd0daf127e36f2bcf8f07112ff400cef749a9d8e7b9c577c4a387336874?s=96&d=mm&r=g\",\"contentUrl\":\"https:\\\/\\\/secure.gravatar.com\\\/avatar\\\/3ae2cbd0daf127e36f2bcf8f07112ff400cef749a9d8e7b9c577c4a387336874?s=96&d=mm&r=g\",\"caption\":\"admin\"},\"sameAs\":[\"https:\\\/\\\/berloni.com\"],\"url\":\"https:\\\/\\\/berloni.com\\\/en\\\/rivista\\\/author\\\/admin\\\/\"}]}<\/script>\n<!-- \/ Yoast SEO plugin. -->","yoast_head_json":{"title":"Even a 3-meter linear kitchen can be a design statement - Berloni","description":"Berloni's 3-meter linear kitchen: compact, elegant, and functional design for modern urban spaces. Book your personalized appointment today.","robots":{"index":"index","follow":"follow","max-snippet":"max-snippet:-1","max-image-preview":"max-image-preview:large","max-video-preview":"max-video-preview:-1"},"canonical":"https:\/\/berloni.com\/en\/magazine\/even-a-3-meter-linear-kitchen-can-be-a-design-statement\/","og_locale":"en_GB","og_type":"article","og_title":"Anche una cucina lineare di 3 Metri pu\u00f2 essere di design - Berloni","og_description":"Cucina lineare 3 metri Berloni: design compatto, elegante e funzionale per spazi urbani moderni. Prenota ora un appuntamento personalizzato.","og_url":"https:\/\/berloni.com\/en\/magazine\/even-a-3-meter-linear-kitchen-can-be-a-design-statement\/","og_site_name":"Berloni","article_publisher":"https:\/\/www.facebook.com\/CucineBerloni\/","article_published_time":"2025-06-16T13:47:30+00:00","article_modified_time":"2025-07-07T16:01:05+00:00","og_image":[{"width":2000,"height":1414,"url":"https:\/\/berloni.com\/wp-content\/uploads\/2025\/01\/1104_Mina_04_01.jpg","type":"image\/jpeg"}],"author":"admin","twitter_card":"summary_large_image","twitter_misc":{"Written by":"admin","Estimated reading time":"6 minutes"},"schema":{"@context":"https:\/\/schema.org","@graph":[{"@type":"Article","@id":"https:\/\/berloni.com\/rivista\/anche-una-cucina-lineare-di-3-metri-puo-essere-di-design\/#article","isPartOf":{"@id":"https:\/\/berloni.com\/rivista\/anche-una-cucina-lineare-di-3-metri-puo-essere-di-design\/"},"author":{"name":"admin","@id":"https:\/\/berloni.com\/#\/schema\/person\/234573bc1ba34f8efdae0d8637c6ca57"},"headline":"Anche una cucina lineare di 3 metri pu\u00f2 essere di design","datePublished":"2025-06-16T13:47:30+00:00","dateModified":"2025-07-07T16:01:05+00:00","mainEntityOfPage":{"@id":"https:\/\/berloni.com\/rivista\/anche-una-cucina-lineare-di-3-metri-puo-essere-di-design\/"},"wordCount":1056,"publisher":{"@id":"https:\/\/berloni.com\/#organization"},"image":{"@id":"https:\/\/berloni.com\/rivista\/anche-una-cucina-lineare-di-3-metri-puo-essere-di-design\/#primaryimage"},"thumbnailUrl":"https:\/\/berloni.com\/wp-content\/uploads\/2025\/01\/1104_Mina_04_01.jpg","keywords":["Arredi di Lusso","Cucina Lineare","Cucina Moderna","Made in Italy","Progettazione"],"articleSection":["Arredamento casa","Design","Ispirazioni","Moderno"],"inLanguage":"en-GB"},{"@type":"WebPage","@id":"https:\/\/berloni.com\/rivista\/anche-una-cucina-lineare-di-3-metri-puo-essere-di-design\/","url":"https:\/\/berloni.com\/rivista\/anche-una-cucina-lineare-di-3-metri-puo-essere-di-design\/","name":"Even a 3-meter linear kitchen can be a design statement - Berloni","isPartOf":{"@id":"https:\/\/berloni.com\/#website"},"primaryImageOfPage":{"@id":"https:\/\/berloni.com\/rivista\/anche-una-cucina-lineare-di-3-metri-puo-essere-di-design\/#primaryimage"},"image":{"@id":"https:\/\/berloni.com\/rivista\/anche-una-cucina-lineare-di-3-metri-puo-essere-di-design\/#primaryimage"},"thumbnailUrl":"https:\/\/berloni.com\/wp-content\/uploads\/2025\/01\/1104_Mina_04_01.jpg","datePublished":"2025-06-16T13:47:30+00:00","dateModified":"2025-07-07T16:01:05+00:00","description":"Berloni's 3-meter linear kitchen: compact, elegant, and functional design for modern urban spaces. Book your personalized appointment today.","breadcrumb":{"@id":"https:\/\/berloni.com\/rivista\/anche-una-cucina-lineare-di-3-metri-puo-essere-di-design\/#breadcrumb"},"inLanguage":"en-GB","potentialAction":[{"@type":"ReadAction","target":["https:\/\/berloni.com\/rivista\/anche-una-cucina-lineare-di-3-metri-puo-essere-di-design\/"]}]},{"@type":"ImageObject","inLanguage":"en-GB","@id":"https:\/\/berloni.com\/rivista\/anche-una-cucina-lineare-di-3-metri-puo-essere-di-design\/#primaryimage","url":"https:\/\/berloni.com\/wp-content\/uploads\/2025\/01\/1104_Mina_04_01.jpg","contentUrl":"https:\/\/berloni.com\/wp-content\/uploads\/2025\/01\/1104_Mina_04_01.jpg","width":2000,"height":1414,"caption":"Cucina Mina 05"},{"@type":"BreadcrumbList","@id":"https:\/\/berloni.com\/rivista\/anche-una-cucina-lineare-di-3-metri-puo-essere-di-design\/#breadcrumb","itemListElement":[{"@type":"ListItem","position":1,"name":"Home","item":"https:\/\/berloni.com\/"},{"@type":"ListItem","position":2,"name":"Anche una cucina lineare di 3 metri pu\u00f2 essere di design"}]},{"@type":"WebSite","@id":"https:\/\/berloni.com\/#website","url":"https:\/\/berloni.com\/","name":"Berloni","description":"","publisher":{"@id":"https:\/\/berloni.com\/#organization"},"potentialAction":[{"@type":"SearchAction","target":{"@type":"EntryPoint","urlTemplate":"https:\/\/berloni.com\/?s={search_term_string}"},"query-input":{"@type":"PropertyValueSpecification","valueRequired":true,"valueName":"search_term_string"}}],"inLanguage":"en-GB"},{"@type":"Organization","@id":"https:\/\/berloni.com\/#organization","name":"Berloni","url":"https:\/\/berloni.com\/","logo":{"@type":"ImageObject","inLanguage":"en-GB","@id":"https:\/\/berloni.com\/#\/schema\/logo\/image\/","url":"https:\/\/berloni.com\/wp-content\/uploads\/2025\/01\/Favicon_Berloni.png","contentUrl":"https:\/\/berloni.com\/wp-content\/uploads\/2025\/01\/Favicon_Berloni.png","width":513,"height":513,"caption":"Berloni"},"image":{"@id":"https:\/\/berloni.com\/#\/schema\/logo\/image\/"},"sameAs":["https:\/\/www.facebook.com\/CucineBerloni\/","https:\/\/www.instagram.com\/cucineberloni\/","https:\/\/it.pinterest.com\/berloni\/","https:\/\/www.linkedin.com\/company\/berloni\/"]},{"@type":"Person","@id":"https:\/\/berloni.com\/#\/schema\/person\/234573bc1ba34f8efdae0d8637c6ca57","name":"admin","image":{"@type":"ImageObject","inLanguage":"en-GB","@id":"https:\/\/secure.gravatar.com\/avatar\/3ae2cbd0daf127e36f2bcf8f07112ff400cef749a9d8e7b9c577c4a387336874?s=96&d=mm&r=g","url":"https:\/\/secure.gravatar.com\/avatar\/3ae2cbd0daf127e36f2bcf8f07112ff400cef749a9d8e7b9c577c4a387336874?s=96&d=mm&r=g","contentUrl":"https:\/\/secure.gravatar.com\/avatar\/3ae2cbd0daf127e36f2bcf8f07112ff400cef749a9d8e7b9c577c4a387336874?s=96&d=mm&r=g","caption":"admin"},"sameAs":["https:\/\/berloni.com"],"url":"https:\/\/berloni.com\/en\/rivista\/author\/admin\/"}]}},"_links":{"self":[{"href":"https:\/\/berloni.com\/en\/wp-json\/wp\/v2\/posts\/14589","targetHints":{"allow":["GET"]}}],"collection":[{"href":"https:\/\/berloni.com\/en\/wp-json\/wp\/v2\/posts"}],"about":[{"href":"https:\/\/berloni.com\/en\/wp-json\/wp\/v2\/types\/post"}],"author":[{"embeddable":true,"href":"https:\/\/berloni.com\/en\/wp-json\/wp\/v2\/users\/1"}],"replies":[{"embeddable":true,"href":"https:\/\/berloni.com\/en\/wp-json\/wp\/v2\/comments?post=14589"}],"version-history":[{"count":7,"href":"https:\/\/berloni.com\/en\/wp-json\/wp\/v2\/posts\/14589\/revisions"}],"predecessor-version":[{"id":14873,"href":"https:\/\/berloni.com\/en\/wp-json\/wp\/v2\/posts\/14589\/revisions\/14873"}],"wp:featuredmedia":[{"embeddable":true,"href":"https:\/\/berloni.com\/en\/wp-json\/wp\/v2\/media\/9485"}],"wp:attachment":[{"href":"https:\/\/berloni.com\/en\/wp-json\/wp\/v2\/media?parent=14589"}],"wp:term":[{"taxonomy":"category","embeddable":true,"href":"https:\/\/berloni.com\/en\/wp-json\/wp\/v2\/categories?post=14589"},{"taxonomy":"post_tag","embeddable":true,"href":"https:\/\/berloni.com\/en\/wp-json\/wp\/v2\/tags?post=14589"}],"curies":[{"name":"wp","href":"https:\/\/api.w.org\/{rel}","templated":true}]}}