{"id":14365,"date":"2025-05-23T14:11:39","date_gmt":"2025-05-23T13:11:39","guid":{"rendered":"https:\/\/berloni.com\/?p=14365"},"modified":"2025-07-30T16:26:29","modified_gmt":"2025-07-30T15:26:29","slug":"fridge-and-pantry-how-to-design-storage-area","status":"publish","type":"post","link":"https:\/\/berloni.com\/en\/rivista\/frigorifero-e-dispensa-come-creare-la-zona-per-la-conservazione\/","title":{"rendered":"Fridge and pantry: how to design the storage area"},"content":{"rendered":"\t\t<div data-elementor-type=\"wp-post\" data-elementor-id=\"14365\" class=\"elementor elementor-14365\" data-elementor-post-type=\"post\">\n\t\t\t\t\t\t<section class=\"elementor-section elementor-top-section elementor-element elementor-element-10e0bbd elementor-section-full_width elementor-section-height-default elementor-section-height-default\" data-id=\"10e0bbd\" data-element_type=\"section\" data-e-type=\"section\">\n\t\t\t\t\t\t<div class=\"elementor-container elementor-column-gap-default\">\n\t\t\t\t\t<div class=\"elementor-column elementor-col-100 elementor-top-column elementor-element elementor-element-e34b795\" data-id=\"e34b795\" data-element_type=\"column\" data-e-type=\"column\">\n\t\t\t<div class=\"elementor-widget-wrap elementor-element-populated\">\n\t\t\t\t\t\t<div class=\"elementor-element elementor-element-666f689 elementor-widget elementor-widget-text-editor\" data-id=\"666f689\" data-element_type=\"widget\" data-e-type=\"widget\" data-widget_type=\"text-editor.default\">\n\t\t\t\t<div class=\"elementor-widget-container\">\n\t\t\t\t\t\t\t\t\t<p>Conservare il cibo non \u00e8 soltanto una funzione essenziale della cucina, \u00e8 un aspetto progettuale che influenza direttamente come vengono gestiti gli ambienti circostanti. Uno studio dettagliato della zona di conservazione risponde a due esigenze: contribuisce a mantenere gli alimenti in condizione ottimale e consente di creare delle composizioni architettoniche che valorizzano l\u2019ambiente domestico.<\/p><p>In questo articolo approfondiremo come progettare efficacemente la zona dedicata alla conservazione, adattandola alle dimensioni e allo stile della tua cucina, trasformandola nello spazio unico che soddisfa realmente le tue aspirazioni.<\/p>\t\t\t\t\t\t\t\t<\/div>\n\t\t\t\t<\/div>\n\t\t\t\t\t<\/div>\n\t\t<\/div>\n\t\t\t\t\t<\/div>\n\t\t<\/section>\n\t\t\t\t<section class=\"elementor-section elementor-top-section elementor-element elementor-element-87a9308 elementor-section-full_width elementor-section-height-default elementor-section-height-default\" data-id=\"87a9308\" data-element_type=\"section\" data-e-type=\"section\">\n\t\t\t\t\t\t<div class=\"elementor-container elementor-column-gap-default\">\n\t\t\t\t\t<div class=\"elementor-column elementor-col-100 elementor-top-column elementor-element elementor-element-5e99bcb\" data-id=\"5e99bcb\" data-element_type=\"column\" data-e-type=\"column\">\n\t\t\t<div class=\"elementor-widget-wrap\">\n\t\t\t\t\t\t\t<\/div>\n\t\t<\/div>\n\t\t\t\t\t<\/div>\n\t\t<\/section>\n\t\t\t\t<section class=\"elementor-section elementor-top-section elementor-element elementor-element-4e88d91 elementor-section-full_width elementor-section-height-default elementor-section-height-default\" data-id=\"4e88d91\" data-element_type=\"section\" data-e-type=\"section\">\n\t\t\t\t\t\t<div class=\"elementor-container elementor-column-gap-default\">\n\t\t\t\t\t<div class=\"elementor-column elementor-col-100 elementor-top-column elementor-element elementor-element-43fd7ea\" data-id=\"43fd7ea\" data-element_type=\"column\" data-e-type=\"column\">\n\t\t\t<div class=\"elementor-widget-wrap elementor-element-populated\">\n\t\t\t\t\t\t<div class=\"elementor-element elementor-element-28f8e3a elementor-widget elementor-widget-spacer\" data-id=\"28f8e3a\" data-element_type=\"widget\" data-e-type=\"widget\" data-widget_type=\"spacer.default\">\n\t\t\t\t<div class=\"elementor-widget-container\">\n\t\t\t\t\t\t\t<div class=\"elementor-spacer\">\n\t\t\t<div class=\"elementor-spacer-inner\"><\/div>\n\t\t<\/div>\n\t\t\t\t\t\t<\/div>\n\t\t\t\t<\/div>\n\t\t\t\t<div class=\"elementor-element elementor-element-64aee60 elementor-widget elementor-widget-table-of-contents\" data-id=\"64aee60\" data-element_type=\"widget\" data-e-type=\"widget\" data-settings=\"{&quot;exclude_headings_by_selector&quot;:[],&quot;headings_by_tags&quot;:[&quot;h2&quot;,&quot;h3&quot;,&quot;h4&quot;,&quot;h5&quot;,&quot;h6&quot;],&quot;marker_view&quot;:&quot;numbers&quot;,&quot;hierarchical_view&quot;:&quot;yes&quot;,&quot;min_height&quot;:{&quot;unit&quot;:&quot;px&quot;,&quot;size&quot;:&quot;&quot;,&quot;sizes&quot;:[]},&quot;min_height_laptop&quot;:{&quot;unit&quot;:&quot;px&quot;,&quot;size&quot;:&quot;&quot;,&quot;sizes&quot;:[]},&quot;min_height_tablet_extra&quot;:{&quot;unit&quot;:&quot;px&quot;,&quot;size&quot;:&quot;&quot;,&quot;sizes&quot;:[]},&quot;min_height_tablet&quot;:{&quot;unit&quot;:&quot;px&quot;,&quot;size&quot;:&quot;&quot;,&quot;sizes&quot;:[]},&quot;min_height_mobile_extra&quot;:{&quot;unit&quot;:&quot;px&quot;,&quot;size&quot;:&quot;&quot;,&quot;sizes&quot;:[]},&quot;min_height_mobile&quot;:{&quot;unit&quot;:&quot;px&quot;,&quot;size&quot;:&quot;&quot;,&quot;sizes&quot;:[]}}\" data-widget_type=\"table-of-contents.default\">\n\t\t\t\t<div class=\"elementor-widget-container\">\n\t\t\t\t\t\t\t\t\t<div class=\"elementor-toc__header\">\n\t\t\t\t\t\t<h4 class=\"elementor-toc__header-title\">\n\t\t\t\tIndice\t\t\t<\/h4>\n\t\t\t\t\t\t\t\t<\/div>\n\t\t\t\t<div id=\"elementor-toc__64aee60\" class=\"elementor-toc__body\">\n\t\t\t<div class=\"elementor-toc__spinner-container\">\n\t\t\t\t<svg class=\"elementor-toc__spinner eicon-animation-spin e-font-icon-svg e-eicon-loading\" aria-hidden=\"true\" viewBox=\"0 0 1000 1000\" xmlns=\"http:\/\/www.w3.org\/2000\/svg\"><path d=\"M500 975V858C696 858 858 696 858 500S696 142 500 142 142 304 142 500H25C25 237 238 25 500 25S975 237 975 500 763 975 500 975Z\"><\/path><\/svg>\t\t\t<\/div>\n\t\t<\/div>\n\t\t\t\t\t\t<\/div>\n\t\t\t\t<\/div>\n\t\t\t\t<div class=\"elementor-element elementor-element-9e68767 elementor-widget elementor-widget-heading\" data-id=\"9e68767\" data-element_type=\"widget\" data-e-type=\"widget\" data-widget_type=\"heading.default\">\n\t\t\t\t<div class=\"elementor-widget-container\">\n\t\t\t\t\t<h2 class=\"elementor-heading-title elementor-size-default\">Dove inserire la zona per la conservazione<\/h2>\t\t\t\t<\/div>\n\t\t\t\t<\/div>\n\t\t\t\t\t<\/div>\n\t\t<\/div>\n\t\t\t\t\t<\/div>\n\t\t<\/section>\n\t\t\t\t<section class=\"elementor-section elementor-top-section elementor-element elementor-element-3e16e0d elementor-section-full_width elementor-section-height-default elementor-section-height-default\" data-id=\"3e16e0d\" data-element_type=\"section\" data-e-type=\"section\">\n\t\t\t\t\t\t<div class=\"elementor-container elementor-column-gap-default\">\n\t\t\t\t\t<div class=\"elementor-column elementor-col-100 elementor-top-column elementor-element elementor-element-1bd451f\" data-id=\"1bd451f\" data-element_type=\"column\" data-e-type=\"column\">\n\t\t\t<div class=\"elementor-widget-wrap elementor-element-populated\">\n\t\t\t\t\t\t<div class=\"elementor-element elementor-element-ce4ea15 elementor-widget elementor-widget-text-editor\" data-id=\"ce4ea15\" data-element_type=\"widget\" data-e-type=\"widget\" data-widget_type=\"text-editor.default\">\n\t\t\t\t<div class=\"elementor-widget-container\">\n\t\t\t\t\t\t\t\t\t<p>Posizionarli correttamente il frigorifero e la dispensa significa facilitare ogni fase della preparazione dei pasti, ottimizzando tempi e movimenti. Questi due elementi devono essere inseriti in un triangolo privo di ostacoli con la zona cottura e la zona lavaggio, in modo da ottenere una continuit\u00e0 operativa che rende lo spazio pratico e piacevole nell\u2019uso quotidiano.<\/p><p>Inoltre, il frigorifero e la dispensa permettono una grande libert\u00e0 progettuale e artistica, contribuendo all&#8217;estetica complessiva. Infatti, possono diventare parte integrante dell\u2019arredamento, inserendosi all\u2019interno di colonne o rimanendo completamente separate.<\/p>\t\t\t\t\t\t\t\t<\/div>\n\t\t\t\t<\/div>\n\t\t\t\t\t<\/div>\n\t\t<\/div>\n\t\t\t\t\t<\/div>\n\t\t<\/section>\n\t\t\t\t<section class=\"elementor-section elementor-top-section elementor-element elementor-element-4577894 elementor-section-full_width elementor-section-height-default elementor-section-height-default\" data-id=\"4577894\" data-element_type=\"section\" data-e-type=\"section\">\n\t\t\t\t\t\t<div class=\"elementor-container elementor-column-gap-default\">\n\t\t\t\t\t<div class=\"elementor-column elementor-col-100 elementor-top-column elementor-element elementor-element-c8c1074\" data-id=\"c8c1074\" data-element_type=\"column\" data-e-type=\"column\">\n\t\t\t<div class=\"elementor-widget-wrap elementor-element-populated\">\n\t\t\t\t\t\t<div class=\"elementor-element elementor-element-b76a0e7 elementor-widget elementor-widget-spacer\" data-id=\"b76a0e7\" data-element_type=\"widget\" data-e-type=\"widget\" data-widget_type=\"spacer.default\">\n\t\t\t\t<div class=\"elementor-widget-container\">\n\t\t\t\t\t\t\t<div class=\"elementor-spacer\">\n\t\t\t<div class=\"elementor-spacer-inner\"><\/div>\n\t\t<\/div>\n\t\t\t\t\t\t<\/div>\n\t\t\t\t<\/div>\n\t\t\t\t<div class=\"elementor-element elementor-element-c548aa6 elementor-widget elementor-widget-heading\" data-id=\"c548aa6\" data-element_type=\"widget\" data-e-type=\"widget\" data-widget_type=\"heading.default\">\n\t\t\t\t<div class=\"elementor-widget-container\">\n\t\t\t\t\t<h2 class=\"elementor-heading-title elementor-size-default\">Cucine spaziose<\/h2>\t\t\t\t<\/div>\n\t\t\t\t<\/div>\n\t\t\t\t\t<\/div>\n\t\t<\/div>\n\t\t\t\t\t<\/div>\n\t\t<\/section>\n\t\t\t\t<section class=\"elementor-section elementor-top-section elementor-element elementor-element-78711ac elementor-section-full_width elementor-section-height-default elementor-section-height-default\" data-id=\"78711ac\" data-element_type=\"section\" data-e-type=\"section\">\n\t\t\t\t\t\t<div class=\"elementor-container elementor-column-gap-default\">\n\t\t\t\t\t<div class=\"elementor-column elementor-col-100 elementor-top-column elementor-element elementor-element-028bab1\" data-id=\"028bab1\" data-element_type=\"column\" data-e-type=\"column\">\n\t\t\t<div class=\"elementor-widget-wrap elementor-element-populated\">\n\t\t\t\t\t\t<div class=\"elementor-element elementor-element-beb76d8 elementor-widget elementor-widget-text-editor\" data-id=\"beb76d8\" data-element_type=\"widget\" data-e-type=\"widget\" data-widget_type=\"text-editor.default\">\n\t\t\t\t<div class=\"elementor-widget-container\">\n\t\t\t\t\t\t\t\t\t<p>Nelle cucine pi\u00f9 ampie, la dimensione consente piena libert\u00e0 espressiva. \u00c8 possibile creare vere e proprie strutture monumentali, ad esempio integrando il frigorifero a scomparsa direttamente nella parete della dispensa. Questa soluzione permette di sfruttare al meglio lo spazio disponibile e di mantenere un&#8217;eleganza sobria e raffinata, tipica del design contemporaneo.<\/p><p>Un\u2019isola centrale con un ampio piano di lavoro pu\u00f2 completare il layout, garantendo un&#8217;esperienza di cucina fluida e altamente funzionale. Le infinite possibilit\u00e0 progettuali offrono una personalizzazione autentica degli ambienti, rispecchiando pienamente l\u2019identit\u00e0 e le abitudini di chi vive la cucina come spazio di convivialit\u00e0 e comfort.<\/p>\t\t\t\t\t\t\t\t<\/div>\n\t\t\t\t<\/div>\n\t\t\t\t\t<\/div>\n\t\t<\/div>\n\t\t\t\t\t<\/div>\n\t\t<\/section>\n\t\t\t\t<section class=\"elementor-section elementor-top-section elementor-element elementor-element-5fdb7d3 elementor-section-full_width elementor-section-height-default elementor-section-height-default\" data-id=\"5fdb7d3\" data-element_type=\"section\" data-e-type=\"section\">\n\t\t\t\t\t\t<div class=\"elementor-container elementor-column-gap-default\">\n\t\t\t\t\t<div class=\"elementor-column elementor-col-100 elementor-top-column elementor-element elementor-element-574f8b0\" data-id=\"574f8b0\" data-element_type=\"column\" data-e-type=\"column\">\n\t\t\t<div class=\"elementor-widget-wrap elementor-element-populated\">\n\t\t\t\t\t\t<div class=\"elementor-element elementor-element-6c7d41d elementor-widget elementor-widget-image\" data-id=\"6c7d41d\" data-element_type=\"widget\" data-e-type=\"widget\" data-widget_type=\"image.default\">\n\t\t\t\t<div class=\"elementor-widget-container\">\n\t\t\t\t\t\t\t\t\t\t\t\t\t\t\t<img fetchpriority=\"high\" decoding=\"async\" width=\"1200\" height=\"1200\" src=\"https:\/\/berloni.com\/wp-content\/uploads\/2025\/05\/Frigorifero_dispensa_zona_conservazione.jpg\" class=\"attachment-full size-full wp-image-14368\" alt=\"\" srcset=\"https:\/\/berloni.com\/wp-content\/uploads\/2025\/05\/Frigorifero_dispensa_zona_conservazione.jpg 1200w, https:\/\/berloni.com\/wp-content\/uploads\/2025\/05\/Frigorifero_dispensa_zona_conservazione-300x300.jpg 300w, https:\/\/berloni.com\/wp-content\/uploads\/2025\/05\/Frigorifero_dispensa_zona_conservazione-1024x1024.jpg 1024w, https:\/\/berloni.com\/wp-content\/uploads\/2025\/05\/Frigorifero_dispensa_zona_conservazione-150x150.jpg 150w, https:\/\/berloni.com\/wp-content\/uploads\/2025\/05\/Frigorifero_dispensa_zona_conservazione-768x768.jpg 768w, https:\/\/berloni.com\/wp-content\/uploads\/2025\/05\/Frigorifero_dispensa_zona_conservazione-12x12.jpg 12w, https:\/\/berloni.com\/wp-content\/uploads\/2025\/05\/Frigorifero_dispensa_zona_conservazione-650x650.jpg 650w, https:\/\/berloni.com\/wp-content\/uploads\/2025\/05\/Frigorifero_dispensa_zona_conservazione-600x600.jpg 600w, https:\/\/berloni.com\/wp-content\/uploads\/2025\/05\/Frigorifero_dispensa_zona_conservazione-100x100.jpg 100w\" sizes=\"(max-width: 1200px) 100vw, 1200px\" \/>\t\t\t\t\t\t\t\t\t\t\t\t\t\t\t<\/div>\n\t\t\t\t<\/div>\n\t\t\t\t\t<\/div>\n\t\t<\/div>\n\t\t\t\t\t<\/div>\n\t\t<\/section>\n\t\t<div class=\"elementor-element elementor-element-b26724e e-con-full e-flex e-con e-parent\" data-id=\"b26724e\" data-element_type=\"container\" data-e-type=\"container\">\n\t\t\t\t<div class=\"elementor-element elementor-element-0f18094 elementor-widget elementor-widget-spacer\" data-id=\"0f18094\" data-element_type=\"widget\" data-e-type=\"widget\" data-widget_type=\"spacer.default\">\n\t\t\t\t<div class=\"elementor-widget-container\">\n\t\t\t\t\t\t\t<div class=\"elementor-spacer\">\n\t\t\t<div class=\"elementor-spacer-inner\"><\/div>\n\t\t<\/div>\n\t\t\t\t\t\t<\/div>\n\t\t\t\t<\/div>\n\t\t\t\t<div class=\"elementor-element elementor-element-4a1899c elementor-widget elementor-widget-heading\" data-id=\"4a1899c\" data-element_type=\"widget\" data-e-type=\"widget\" data-widget_type=\"heading.default\">\n\t\t\t\t<div class=\"elementor-widget-container\">\n\t\t\t\t\t<h2 class=\"elementor-heading-title elementor-size-default\">Cucine strette<\/h2>\t\t\t\t<\/div>\n\t\t\t\t<\/div>\n\t\t\t\t<div class=\"elementor-element elementor-element-d4ae0fb elementor-widget elementor-widget-text-editor\" data-id=\"d4ae0fb\" data-element_type=\"widget\" data-e-type=\"widget\" data-widget_type=\"text-editor.default\">\n\t\t\t\t<div class=\"elementor-widget-container\">\n\t\t\t\t\t\t\t\t\t<p>In ambienti pi\u00f9 stretti, una progettazione lineare pu\u00f2 risolvere elegantemente le sfide spaziali. Collocare il frigorifero e le colonne contenitive lungo una sola parete ottimizza lo spazio verticale e libera la parete opposta per dedicarsi interamente al piano di lavoro e alla cottura.<\/p><p>Questo approccio permette una gestione efficiente dello spazio, mantenendo l&#8217;accessibilit\u00e0 degli alimenti e assicurando comodit\u00e0 e rapidit\u00e0 nei movimenti durante la preparazione dei pasti.<\/p>\t\t\t\t\t\t\t\t<\/div>\n\t\t\t\t<\/div>\n\t\t\t\t<\/div>\n\t\t<div class=\"elementor-element elementor-element-aa41e6e e-con-full e-flex e-con e-parent\" data-id=\"aa41e6e\" data-element_type=\"container\" data-e-type=\"container\">\n\t\t\t\t<div class=\"elementor-element elementor-element-31d92e9 elementor-widget elementor-widget-spacer\" data-id=\"31d92e9\" data-element_type=\"widget\" data-e-type=\"widget\" data-widget_type=\"spacer.default\">\n\t\t\t\t<div class=\"elementor-widget-container\">\n\t\t\t\t\t\t\t<div class=\"elementor-spacer\">\n\t\t\t<div class=\"elementor-spacer-inner\"><\/div>\n\t\t<\/div>\n\t\t\t\t\t\t<\/div>\n\t\t\t\t<\/div>\n\t\t\t\t<div class=\"elementor-element elementor-element-8e45c22 elementor-widget elementor-widget-heading\" data-id=\"8e45c22\" data-element_type=\"widget\" data-e-type=\"widget\" data-widget_type=\"heading.default\">\n\t\t\t\t<div class=\"elementor-widget-container\">\n\t\t\t\t\t<h2 class=\"elementor-heading-title elementor-size-default\">Cucine piccole<\/h2>\t\t\t\t<\/div>\n\t\t\t\t<\/div>\n\t\t\t\t<div class=\"elementor-element elementor-element-c91d10e elementor-widget elementor-widget-text-editor\" data-id=\"c91d10e\" data-element_type=\"widget\" data-e-type=\"widget\" data-widget_type=\"text-editor.default\">\n\t\t\t\t<div class=\"elementor-widget-container\">\n\t\t\t\t\t\t\t\t\t<p>Nelle cucine dalle dimensioni ridotte, la progettazione deve essere altamente personalizzata e orientata a soluzioni intelligenti. Inserire il frigorifero in nicchie gi\u00e0 esistenti o utilizzare mobili estraibili per realizzare dispense profonde rappresentano soluzioni che combinano stile, ordine e praticit\u00e0.<\/p><p>Un\u2019attenta analisi delle esigenze personali permette di valorizzare ogni centimetro disponibile, migliorando concretamente l\u2019esperienza quotidiana in cucina. Cos\u00ec, anche le cucine pi\u00f9 piccole possono godere di una zona conservazione ben strutturata, capace di soddisfare necessit\u00e0 operative e desideri estetici con equilibrio e raffinatezza.<\/p>\t\t\t\t\t\t\t\t<\/div>\n\t\t\t\t<\/div>\n\t\t\t\t<\/div>\n\t\t\t\t<section class=\"elementor-section elementor-top-section elementor-element elementor-element-3902b65 elementor-section-full_width elementor-section-height-default elementor-section-height-default\" data-id=\"3902b65\" data-element_type=\"section\" data-e-type=\"section\">\n\t\t\t\t\t\t<div class=\"elementor-container elementor-column-gap-default\">\n\t\t\t\t\t<div class=\"elementor-column elementor-col-100 elementor-top-column elementor-element elementor-element-6bdf394\" data-id=\"6bdf394\" data-element_type=\"column\" data-e-type=\"column\">\n\t\t\t<div class=\"elementor-widget-wrap elementor-element-populated\">\n\t\t\t\t\t\t<div class=\"elementor-element elementor-element-9bda31c elementor-widget elementor-widget-spacer\" data-id=\"9bda31c\" data-element_type=\"widget\" data-e-type=\"widget\" data-widget_type=\"spacer.default\">\n\t\t\t\t<div class=\"elementor-widget-container\">\n\t\t\t\t\t\t\t<div class=\"elementor-spacer\">\n\t\t\t<div class=\"elementor-spacer-inner\"><\/div>\n\t\t<\/div>\n\t\t\t\t\t\t<\/div>\n\t\t\t\t<\/div>\n\t\t\t\t<div class=\"elementor-element elementor-element-c1fba63 elementor-widget elementor-widget-heading\" data-id=\"c1fba63\" data-element_type=\"widget\" data-e-type=\"widget\" data-widget_type=\"heading.default\">\n\t\t\t\t<div class=\"elementor-widget-container\">\n\t\t\t\t\t<h2 class=\"elementor-heading-title elementor-size-default\">La dispensa<\/h2>\t\t\t\t<\/div>\n\t\t\t\t<\/div>\n\t\t\t\t<div class=\"elementor-element elementor-element-b9dc77d elementor-widget elementor-widget-text-editor\" data-id=\"b9dc77d\" data-element_type=\"widget\" data-e-type=\"widget\" data-widget_type=\"text-editor.default\">\n\t\t\t\t<div class=\"elementor-widget-container\">\n\t\t\t\t\t\t\t\t\t<p>La dispensa, oltre a essere un elemento funzionale, pu\u00f2 diventare un grande punto di forza nell&#8217;estetica della cucina. Per ottenere questo risultato, occorre pianificare con cura ogni dettaglio: dall\u2019apertura delle porte, alla scelta dell\u2019illuminazione interna, fino alla suddivisione del volume interno con ripiani, cassetti e cestelli.<\/p><p>Una buona illuminazione interna facilita l&#8217;accesso e migliora visivamente l&#8217;organizzazione degli alimenti, mentre una divisione modulare degli scompartimenti assicura versatilit\u00e0 e capienza nel tempo, permettendo di conservare alimenti e utensili di varie dimensioni.<\/p><p>Una dispensa ben organizzata \u00e8 un luogo di grande effetto e si dimostra altamente funzionale per la vita quotidiana: crea un ambiente ordinato e sereno, in cui il design genera un impatto positivo sull\u2019intera atmosfera della cucina.<\/p>\t\t\t\t\t\t\t\t<\/div>\n\t\t\t\t<\/div>\n\t\t\t\t<div class=\"elementor-element elementor-element-157d003 elementor-widget elementor-widget-spacer\" data-id=\"157d003\" data-element_type=\"widget\" data-e-type=\"widget\" data-widget_type=\"spacer.default\">\n\t\t\t\t<div class=\"elementor-widget-container\">\n\t\t\t\t\t\t\t<div class=\"elementor-spacer\">\n\t\t\t<div class=\"elementor-spacer-inner\"><\/div>\n\t\t<\/div>\n\t\t\t\t\t\t<\/div>\n\t\t\t\t<\/div>\n\t\t\t\t\t<\/div>\n\t\t<\/div>\n\t\t\t\t\t<\/div>\n\t\t<\/section>\n\t\t<div class=\"elementor-element elementor-element-5d3a8af e-con-full e-flex e-con e-parent\" data-id=\"5d3a8af\" data-element_type=\"container\" data-e-type=\"container\">\n\t\t\t\t<div class=\"elementor-element elementor-element-1974e96 elementor-widget elementor-widget-heading\" data-id=\"1974e96\" data-element_type=\"widget\" data-e-type=\"widget\" data-widget_type=\"heading.default\">\n\t\t\t\t<div class=\"elementor-widget-container\">\n\t\t\t\t\t<h2 class=\"elementor-heading-title elementor-size-default\">Conclusione: comodit\u00e0 ed efficienza a portata di mano<\/h2>\t\t\t\t<\/div>\n\t\t\t\t<\/div>\n\t\t\t\t<div class=\"elementor-element elementor-element-94c6b54 elementor-widget elementor-widget-text-editor\" data-id=\"94c6b54\" data-element_type=\"widget\" data-e-type=\"widget\" data-widget_type=\"text-editor.default\">\n\t\t\t\t<div class=\"elementor-widget-container\">\n\t\t\t\t\t\t\t\t\t<p>Una zona dedicata alla conservazione ben progettata rende ogni attivit\u00e0 culinaria pi\u00f9 piacevole e fluida. Dalla posizione del frigorifero e della dispensa alla pianificazione dettagliata degli spazi interni, ogni decisione concorre a migliorare l&#8217;esperienza quotidiana.<\/p><p>Con attenzione ai dettagli e un approccio personalizzato, la zona conservazione pu\u00f2 trasformare radicalmente il modo di vivere la tua cucina, unendo comodit\u00e0, efficienza e piacere estetico su misura delle tue esigenze.<\/p><p>I nostri designer sono sempre disponibili ad ascoltare come usi realmente la cucina e ti possono accompagnare nel realizzare un progetto che sia davvero unico. Prenota un appuntamento in Atelier per creare la tua cucina con i designer Berloni.<\/p>\t\t\t\t\t\t\t\t<\/div>\n\t\t\t\t<\/div>\n\t\t\t\t<div class=\"elementor-element elementor-element-1920aec elementor-widget elementor-widget-text-editor\" data-id=\"1920aec\" data-element_type=\"widget\" data-e-type=\"widget\" data-widget_type=\"text-editor.default\">\n\t\t\t\t<div class=\"elementor-widget-container\">\n\t\t\t\t\t\t\t\t\t<p><span class=\"sottolineato\"><a href=\"https:\/\/berloni.com\/cataloghi-arredamento\/\">Esplora il Catalogo Berloni<\/a><\/span> e scopri come realizzare la tua cucina.<\/p>\t\t\t\t\t\t\t\t<\/div>\n\t\t\t\t<\/div>\n\t\t\t\t<div class=\"elementor-element elementor-element-cf68ea7 elementor-widget elementor-widget-spacer\" data-id=\"cf68ea7\" data-element_type=\"widget\" data-e-type=\"widget\" data-widget_type=\"spacer.default\">\n\t\t\t\t<div class=\"elementor-widget-container\">\n\t\t\t\t\t\t\t<div class=\"elementor-spacer\">\n\t\t\t<div class=\"elementor-spacer-inner\"><\/div>\n\t\t<\/div>\n\t\t\t\t\t\t<\/div>\n\t\t\t\t<\/div>\n\t\t\t\t<\/div>\n\t\t\t\t<\/div>\n\t\t","protected":false},"excerpt":{"rendered":"<p>In this article, we explore how to effectively design your storage area, tailoring it to your kitchen\u2019s dimensions and style, and turning it into a space that truly reflects your aspirations.<\/p>","protected":false},"author":1,"featured_media":14366,"comment_status":"closed","ping_status":"closed","sticky":false,"template":"","format":"standard","meta":{"footnotes":""},"categories":[22,20,24,25],"tags":[113,115,112],"class_list":["post-14365","post","type-post","status-publish","format-standard","has-post-thumbnail","hentry","category-arredamento-casa","category-design","category-ispirazioni","category-moderno","tag-arredi-di-lusso","tag-made-in-italy","tag-progettazione"],"yoast_head":"<!-- This site is optimized with the Yoast SEO plugin v27.3 - https:\/\/yoast.com\/product\/yoast-seo-wordpress\/ -->\n<title>Frigorifero e dispensa: come creare la zona per la conservazione - Berloni<\/title>\n<meta name=\"description\" content=\"Progetta con Berloni una zona di conservazione funzionale e di design: frigorifero e dispensa per ottimizzare estetica e praticit\u00e0 in cucina\" \/>\n<meta name=\"robots\" content=\"index, follow, max-snippet:-1, max-image-preview:large, max-video-preview:-1\" \/>\n<link rel=\"canonical\" href=\"https:\/\/berloni.com\/en\/magazine\/fridge-and-pantry-how-to-design-storage-area\/\" \/>\n<meta property=\"og:locale\" content=\"en_GB\" \/>\n<meta property=\"og:type\" content=\"article\" \/>\n<meta property=\"og:title\" content=\"Frigorifero e dispensa: come creare la zona per la conservazione - Berloni\" \/>\n<meta property=\"og:description\" content=\"Progetta con Berloni una zona di conservazione funzionale e di design: frigorifero e dispensa per ottimizzare estetica e praticit\u00e0 in cucina\" \/>\n<meta property=\"og:url\" content=\"https:\/\/berloni.com\/en\/magazine\/fridge-and-pantry-how-to-design-storage-area\/\" \/>\n<meta property=\"og:site_name\" content=\"Berloni\" \/>\n<meta property=\"article:publisher\" content=\"https:\/\/www.facebook.com\/CucineBerloni\/\" \/>\n<meta property=\"article:published_time\" content=\"2025-05-23T13:11:39+00:00\" \/>\n<meta property=\"article:modified_time\" content=\"2025-07-30T15:26:29+00:00\" \/>\n<meta property=\"og:image\" content=\"https:\/\/berloni.com\/wp-content\/uploads\/2025\/05\/Frigorifero_dispensa.jpg\" \/>\n\t<meta property=\"og:image:width\" content=\"1500\" \/>\n\t<meta property=\"og:image:height\" content=\"1060\" \/>\n\t<meta property=\"og:image:type\" content=\"image\/jpeg\" \/>\n<meta name=\"author\" content=\"admin\" \/>\n<meta name=\"twitter:card\" content=\"summary_large_image\" \/>\n<meta name=\"twitter:label1\" content=\"Written by\" \/>\n\t<meta name=\"twitter:data1\" content=\"admin\" \/>\n\t<meta name=\"twitter:label2\" content=\"Estimated reading time\" \/>\n\t<meta name=\"twitter:data2\" content=\"4 minutes\" \/>\n<script type=\"application\/ld+json\" class=\"yoast-schema-graph\">{\"@context\":\"https:\\\/\\\/schema.org\",\"@graph\":[{\"@type\":\"Article\",\"@id\":\"https:\\\/\\\/berloni.com\\\/rivista\\\/frigorifero-e-dispensa-come-creare-la-zona-per-la-conservazione\\\/#article\",\"isPartOf\":{\"@id\":\"https:\\\/\\\/berloni.com\\\/rivista\\\/frigorifero-e-dispensa-come-creare-la-zona-per-la-conservazione\\\/\"},\"author\":{\"name\":\"admin\",\"@id\":\"https:\\\/\\\/berloni.com\\\/#\\\/schema\\\/person\\\/234573bc1ba34f8efdae0d8637c6ca57\"},\"headline\":\"Frigorifero e dispensa: come creare la zona per la conservazione\",\"datePublished\":\"2025-05-23T13:11:39+00:00\",\"dateModified\":\"2025-07-30T15:26:29+00:00\",\"mainEntityOfPage\":{\"@id\":\"https:\\\/\\\/berloni.com\\\/rivista\\\/frigorifero-e-dispensa-come-creare-la-zona-per-la-conservazione\\\/\"},\"wordCount\":699,\"publisher\":{\"@id\":\"https:\\\/\\\/berloni.com\\\/#organization\"},\"image\":{\"@id\":\"https:\\\/\\\/berloni.com\\\/rivista\\\/frigorifero-e-dispensa-come-creare-la-zona-per-la-conservazione\\\/#primaryimage\"},\"thumbnailUrl\":\"https:\\\/\\\/berloni.com\\\/wp-content\\\/uploads\\\/2025\\\/05\\\/Frigorifero_dispensa.jpg\",\"keywords\":[\"Arredi di Lusso\",\"Made in Italy\",\"Progettazione\"],\"articleSection\":[\"Arredamento casa\",\"Design\",\"Ispirazioni\",\"Moderno\"],\"inLanguage\":\"en-GB\"},{\"@type\":\"WebPage\",\"@id\":\"https:\\\/\\\/berloni.com\\\/rivista\\\/frigorifero-e-dispensa-come-creare-la-zona-per-la-conservazione\\\/\",\"url\":\"https:\\\/\\\/berloni.com\\\/rivista\\\/frigorifero-e-dispensa-come-creare-la-zona-per-la-conservazione\\\/\",\"name\":\"Frigorifero e dispensa: come creare la zona per la conservazione - Berloni\",\"isPartOf\":{\"@id\":\"https:\\\/\\\/berloni.com\\\/#website\"},\"primaryImageOfPage\":{\"@id\":\"https:\\\/\\\/berloni.com\\\/rivista\\\/frigorifero-e-dispensa-come-creare-la-zona-per-la-conservazione\\\/#primaryimage\"},\"image\":{\"@id\":\"https:\\\/\\\/berloni.com\\\/rivista\\\/frigorifero-e-dispensa-come-creare-la-zona-per-la-conservazione\\\/#primaryimage\"},\"thumbnailUrl\":\"https:\\\/\\\/berloni.com\\\/wp-content\\\/uploads\\\/2025\\\/05\\\/Frigorifero_dispensa.jpg\",\"datePublished\":\"2025-05-23T13:11:39+00:00\",\"dateModified\":\"2025-07-30T15:26:29+00:00\",\"description\":\"Progetta con Berloni una zona di conservazione funzionale e di design: frigorifero e dispensa per ottimizzare estetica e praticit\u00e0 in cucina\",\"breadcrumb\":{\"@id\":\"https:\\\/\\\/berloni.com\\\/rivista\\\/frigorifero-e-dispensa-come-creare-la-zona-per-la-conservazione\\\/#breadcrumb\"},\"inLanguage\":\"en-GB\",\"potentialAction\":[{\"@type\":\"ReadAction\",\"target\":[\"https:\\\/\\\/berloni.com\\\/rivista\\\/frigorifero-e-dispensa-come-creare-la-zona-per-la-conservazione\\\/\"]}]},{\"@type\":\"ImageObject\",\"inLanguage\":\"en-GB\",\"@id\":\"https:\\\/\\\/berloni.com\\\/rivista\\\/frigorifero-e-dispensa-come-creare-la-zona-per-la-conservazione\\\/#primaryimage\",\"url\":\"https:\\\/\\\/berloni.com\\\/wp-content\\\/uploads\\\/2025\\\/05\\\/Frigorifero_dispensa.jpg\",\"contentUrl\":\"https:\\\/\\\/berloni.com\\\/wp-content\\\/uploads\\\/2025\\\/05\\\/Frigorifero_dispensa.jpg\",\"width\":1500,\"height\":1060},{\"@type\":\"BreadcrumbList\",\"@id\":\"https:\\\/\\\/berloni.com\\\/rivista\\\/frigorifero-e-dispensa-come-creare-la-zona-per-la-conservazione\\\/#breadcrumb\",\"itemListElement\":[{\"@type\":\"ListItem\",\"position\":1,\"name\":\"Home\",\"item\":\"https:\\\/\\\/berloni.com\\\/\"},{\"@type\":\"ListItem\",\"position\":2,\"name\":\"Frigorifero e dispensa: come creare la zona per la conservazione\"}]},{\"@type\":\"WebSite\",\"@id\":\"https:\\\/\\\/berloni.com\\\/#website\",\"url\":\"https:\\\/\\\/berloni.com\\\/\",\"name\":\"Berloni\",\"description\":\"\",\"publisher\":{\"@id\":\"https:\\\/\\\/berloni.com\\\/#organization\"},\"potentialAction\":[{\"@type\":\"SearchAction\",\"target\":{\"@type\":\"EntryPoint\",\"urlTemplate\":\"https:\\\/\\\/berloni.com\\\/?s={search_term_string}\"},\"query-input\":{\"@type\":\"PropertyValueSpecification\",\"valueRequired\":true,\"valueName\":\"search_term_string\"}}],\"inLanguage\":\"en-GB\"},{\"@type\":\"Organization\",\"@id\":\"https:\\\/\\\/berloni.com\\\/#organization\",\"name\":\"Berloni\",\"url\":\"https:\\\/\\\/berloni.com\\\/\",\"logo\":{\"@type\":\"ImageObject\",\"inLanguage\":\"en-GB\",\"@id\":\"https:\\\/\\\/berloni.com\\\/#\\\/schema\\\/logo\\\/image\\\/\",\"url\":\"https:\\\/\\\/berloni.com\\\/wp-content\\\/uploads\\\/2025\\\/01\\\/Favicon_Berloni.png\",\"contentUrl\":\"https:\\\/\\\/berloni.com\\\/wp-content\\\/uploads\\\/2025\\\/01\\\/Favicon_Berloni.png\",\"width\":513,\"height\":513,\"caption\":\"Berloni\"},\"image\":{\"@id\":\"https:\\\/\\\/berloni.com\\\/#\\\/schema\\\/logo\\\/image\\\/\"},\"sameAs\":[\"https:\\\/\\\/www.facebook.com\\\/CucineBerloni\\\/\",\"https:\\\/\\\/www.instagram.com\\\/cucineberloni\\\/\",\"https:\\\/\\\/it.pinterest.com\\\/berloni\\\/\",\"https:\\\/\\\/www.linkedin.com\\\/company\\\/berloni\\\/\"]},{\"@type\":\"Person\",\"@id\":\"https:\\\/\\\/berloni.com\\\/#\\\/schema\\\/person\\\/234573bc1ba34f8efdae0d8637c6ca57\",\"name\":\"admin\",\"image\":{\"@type\":\"ImageObject\",\"inLanguage\":\"en-GB\",\"@id\":\"https:\\\/\\\/secure.gravatar.com\\\/avatar\\\/3ae2cbd0daf127e36f2bcf8f07112ff400cef749a9d8e7b9c577c4a387336874?s=96&d=mm&r=g\",\"url\":\"https:\\\/\\\/secure.gravatar.com\\\/avatar\\\/3ae2cbd0daf127e36f2bcf8f07112ff400cef749a9d8e7b9c577c4a387336874?s=96&d=mm&r=g\",\"contentUrl\":\"https:\\\/\\\/secure.gravatar.com\\\/avatar\\\/3ae2cbd0daf127e36f2bcf8f07112ff400cef749a9d8e7b9c577c4a387336874?s=96&d=mm&r=g\",\"caption\":\"admin\"},\"sameAs\":[\"https:\\\/\\\/berloni.com\"],\"url\":\"https:\\\/\\\/berloni.com\\\/en\\\/rivista\\\/author\\\/admin\\\/\"}]}<\/script>\n<!-- \/ Yoast SEO plugin. -->","yoast_head_json":{"title":"Fridge and pantry: how to design the storage area - Berloni","description":"Design a stylish and functional food storage area with Berloni: integrate fridge and pantry solutions that optimize space, aesthetics, and everyday practicality in your modern kitchen","robots":{"index":"index","follow":"follow","max-snippet":"max-snippet:-1","max-image-preview":"max-image-preview:large","max-video-preview":"max-video-preview:-1"},"canonical":"https:\/\/berloni.com\/en\/magazine\/fridge-and-pantry-how-to-design-storage-area\/","og_locale":"en_GB","og_type":"article","og_title":"Frigorifero e dispensa: come creare la zona per la conservazione - Berloni","og_description":"Progetta con Berloni una zona di conservazione funzionale e di design: frigorifero e dispensa per ottimizzare estetica e praticit\u00e0 in cucina","og_url":"https:\/\/berloni.com\/en\/magazine\/fridge-and-pantry-how-to-design-storage-area\/","og_site_name":"Berloni","article_publisher":"https:\/\/www.facebook.com\/CucineBerloni\/","article_published_time":"2025-05-23T13:11:39+00:00","article_modified_time":"2025-07-30T15:26:29+00:00","og_image":[{"width":1500,"height":1060,"url":"https:\/\/berloni.com\/wp-content\/uploads\/2025\/05\/Frigorifero_dispensa.jpg","type":"image\/jpeg"}],"author":"admin","twitter_card":"summary_large_image","twitter_misc":{"Written by":"admin","Estimated reading time":"4 minutes"},"schema":{"@context":"https:\/\/schema.org","@graph":[{"@type":"Article","@id":"https:\/\/berloni.com\/rivista\/frigorifero-e-dispensa-come-creare-la-zona-per-la-conservazione\/#article","isPartOf":{"@id":"https:\/\/berloni.com\/rivista\/frigorifero-e-dispensa-come-creare-la-zona-per-la-conservazione\/"},"author":{"name":"admin","@id":"https:\/\/berloni.com\/#\/schema\/person\/234573bc1ba34f8efdae0d8637c6ca57"},"headline":"Frigorifero e dispensa: come creare la zona per la conservazione","datePublished":"2025-05-23T13:11:39+00:00","dateModified":"2025-07-30T15:26:29+00:00","mainEntityOfPage":{"@id":"https:\/\/berloni.com\/rivista\/frigorifero-e-dispensa-come-creare-la-zona-per-la-conservazione\/"},"wordCount":699,"publisher":{"@id":"https:\/\/berloni.com\/#organization"},"image":{"@id":"https:\/\/berloni.com\/rivista\/frigorifero-e-dispensa-come-creare-la-zona-per-la-conservazione\/#primaryimage"},"thumbnailUrl":"https:\/\/berloni.com\/wp-content\/uploads\/2025\/05\/Frigorifero_dispensa.jpg","keywords":["Arredi di Lusso","Made in Italy","Progettazione"],"articleSection":["Arredamento casa","Design","Ispirazioni","Moderno"],"inLanguage":"en-GB"},{"@type":"WebPage","@id":"https:\/\/berloni.com\/rivista\/frigorifero-e-dispensa-come-creare-la-zona-per-la-conservazione\/","url":"https:\/\/berloni.com\/rivista\/frigorifero-e-dispensa-come-creare-la-zona-per-la-conservazione\/","name":"Fridge and pantry: how to design the storage area - Berloni","isPartOf":{"@id":"https:\/\/berloni.com\/#website"},"primaryImageOfPage":{"@id":"https:\/\/berloni.com\/rivista\/frigorifero-e-dispensa-come-creare-la-zona-per-la-conservazione\/#primaryimage"},"image":{"@id":"https:\/\/berloni.com\/rivista\/frigorifero-e-dispensa-come-creare-la-zona-per-la-conservazione\/#primaryimage"},"thumbnailUrl":"https:\/\/berloni.com\/wp-content\/uploads\/2025\/05\/Frigorifero_dispensa.jpg","datePublished":"2025-05-23T13:11:39+00:00","dateModified":"2025-07-30T15:26:29+00:00","description":"Design a stylish and functional food storage area with Berloni: integrate fridge and pantry solutions that optimize space, aesthetics, and everyday practicality in your modern kitchen","breadcrumb":{"@id":"https:\/\/berloni.com\/rivista\/frigorifero-e-dispensa-come-creare-la-zona-per-la-conservazione\/#breadcrumb"},"inLanguage":"en-GB","potentialAction":[{"@type":"ReadAction","target":["https:\/\/berloni.com\/rivista\/frigorifero-e-dispensa-come-creare-la-zona-per-la-conservazione\/"]}]},{"@type":"ImageObject","inLanguage":"en-GB","@id":"https:\/\/berloni.com\/rivista\/frigorifero-e-dispensa-come-creare-la-zona-per-la-conservazione\/#primaryimage","url":"https:\/\/berloni.com\/wp-content\/uploads\/2025\/05\/Frigorifero_dispensa.jpg","contentUrl":"https:\/\/berloni.com\/wp-content\/uploads\/2025\/05\/Frigorifero_dispensa.jpg","width":1500,"height":1060},{"@type":"BreadcrumbList","@id":"https:\/\/berloni.com\/rivista\/frigorifero-e-dispensa-come-creare-la-zona-per-la-conservazione\/#breadcrumb","itemListElement":[{"@type":"ListItem","position":1,"name":"Home","item":"https:\/\/berloni.com\/"},{"@type":"ListItem","position":2,"name":"Frigorifero e dispensa: come creare la zona per la conservazione"}]},{"@type":"WebSite","@id":"https:\/\/berloni.com\/#website","url":"https:\/\/berloni.com\/","name":"Berloni","description":"","publisher":{"@id":"https:\/\/berloni.com\/#organization"},"potentialAction":[{"@type":"SearchAction","target":{"@type":"EntryPoint","urlTemplate":"https:\/\/berloni.com\/?s={search_term_string}"},"query-input":{"@type":"PropertyValueSpecification","valueRequired":true,"valueName":"search_term_string"}}],"inLanguage":"en-GB"},{"@type":"Organization","@id":"https:\/\/berloni.com\/#organization","name":"Berloni","url":"https:\/\/berloni.com\/","logo":{"@type":"ImageObject","inLanguage":"en-GB","@id":"https:\/\/berloni.com\/#\/schema\/logo\/image\/","url":"https:\/\/berloni.com\/wp-content\/uploads\/2025\/01\/Favicon_Berloni.png","contentUrl":"https:\/\/berloni.com\/wp-content\/uploads\/2025\/01\/Favicon_Berloni.png","width":513,"height":513,"caption":"Berloni"},"image":{"@id":"https:\/\/berloni.com\/#\/schema\/logo\/image\/"},"sameAs":["https:\/\/www.facebook.com\/CucineBerloni\/","https:\/\/www.instagram.com\/cucineberloni\/","https:\/\/it.pinterest.com\/berloni\/","https:\/\/www.linkedin.com\/company\/berloni\/"]},{"@type":"Person","@id":"https:\/\/berloni.com\/#\/schema\/person\/234573bc1ba34f8efdae0d8637c6ca57","name":"admin","image":{"@type":"ImageObject","inLanguage":"en-GB","@id":"https:\/\/secure.gravatar.com\/avatar\/3ae2cbd0daf127e36f2bcf8f07112ff400cef749a9d8e7b9c577c4a387336874?s=96&d=mm&r=g","url":"https:\/\/secure.gravatar.com\/avatar\/3ae2cbd0daf127e36f2bcf8f07112ff400cef749a9d8e7b9c577c4a387336874?s=96&d=mm&r=g","contentUrl":"https:\/\/secure.gravatar.com\/avatar\/3ae2cbd0daf127e36f2bcf8f07112ff400cef749a9d8e7b9c577c4a387336874?s=96&d=mm&r=g","caption":"admin"},"sameAs":["https:\/\/berloni.com"],"url":"https:\/\/berloni.com\/en\/rivista\/author\/admin\/"}]}},"_links":{"self":[{"href":"https:\/\/berloni.com\/en\/wp-json\/wp\/v2\/posts\/14365","targetHints":{"allow":["GET"]}}],"collection":[{"href":"https:\/\/berloni.com\/en\/wp-json\/wp\/v2\/posts"}],"about":[{"href":"https:\/\/berloni.com\/en\/wp-json\/wp\/v2\/types\/post"}],"author":[{"embeddable":true,"href":"https:\/\/berloni.com\/en\/wp-json\/wp\/v2\/users\/1"}],"replies":[{"embeddable":true,"href":"https:\/\/berloni.com\/en\/wp-json\/wp\/v2\/comments?post=14365"}],"version-history":[{"count":10,"href":"https:\/\/berloni.com\/en\/wp-json\/wp\/v2\/posts\/14365\/revisions"}],"predecessor-version":[{"id":14845,"href":"https:\/\/berloni.com\/en\/wp-json\/wp\/v2\/posts\/14365\/revisions\/14845"}],"wp:featuredmedia":[{"embeddable":true,"href":"https:\/\/berloni.com\/en\/wp-json\/wp\/v2\/media\/14366"}],"wp:attachment":[{"href":"https:\/\/berloni.com\/en\/wp-json\/wp\/v2\/media?parent=14365"}],"wp:term":[{"taxonomy":"category","embeddable":true,"href":"https:\/\/berloni.com\/en\/wp-json\/wp\/v2\/categories?post=14365"},{"taxonomy":"post_tag","embeddable":true,"href":"https:\/\/berloni.com\/en\/wp-json\/wp\/v2\/tags?post=14365"}],"curies":[{"name":"wp","href":"https:\/\/api.w.org\/{rel}","templated":true}]}}